{"id":944,"date":"2022-11-14T17:00:54","date_gmt":"2022-11-14T17:00:54","guid":{"rendered":"http:\/\/ssreyescmenorca.com\/?p=944"},"modified":"2022-11-14T17:01:21","modified_gmt":"2022-11-14T17:01:21","slug":"jornada-menores-4-gallur-y-campeonato-de-espana-de-cross-de-clubs","status":"publish","type":"post","link":"http:\/\/ssreyescmenorca.com\/?p=944","title":{"rendered":"<strong><u>Jornada Menores 4 (Gallur) y Campeonato de Espa\u00f1a de Cross de Clubs.<\/u><\/strong>"},"content":{"rendered":"\n<p><strong>13.11.2022.&nbsp;Jornada Menores 4.&nbsp;Polideportivo de Gallur.&nbsp;<\/strong><\/p>\n\n\n\n<p><strong>Sub 10<\/strong><\/p>\n\n\n\n<p>Los atletas de la categor\u00eda sub 10 compet\u00edan en la prueba de&nbsp;<strong><u>500m<\/u><\/strong>. La prueba se realiz\u00f3 a las 10:38 de la ma\u00f1ana en la que compitieron las atletas: Leyre Arguello, Alba Mart\u00ednez, Valeria Toledo, Vera Arranz, se presentaron a la \u00fanica prueba que pod\u00edan competir: 500m.&nbsp;<\/p>\n\n\n\n<p>En la primera serie compiti\u00f3&nbsp;<strong>Valeria<\/strong>&nbsp;<strong>Toledo<\/strong>, haciendo un tiempo de 1:54.32 quedando en 9\u00ba posici\u00f3n. En la segunda serie compiti\u00f3&nbsp;<strong>Leyre Arguello<\/strong>&nbsp;con un tiempo de 1:54.78 quedando en 3\u00ba posici\u00f3n y mejorando su \u00faltimo tiempo de 1:58.06 en la competici\u00f3n de tres cantos de la temporada anterior. En la tercera serie compiti\u00f3&nbsp;<strong>Alba Mart\u00ednez&nbsp;<\/strong>que se cay\u00f3 en la salida de la prueba y no consigui\u00f3 remontar, qued\u00f3 11\u00ba con un tiempo de 2:12.02. En la cuarta serie compiti\u00f3&nbsp;<strong>Vera Arranz<\/strong>&nbsp;que obtuvo un 4\u00ba puesto con un tiempo de 2:03.53.&nbsp;<\/p>\n\n\n\n<p>Destacar el m\u00e9rito de Alba Mart\u00ednez que se cay\u00f3 en el inicio de su serie y aunque no consigui\u00f3 remontar, no abandon\u00f3 la carrera y se esforz\u00f3 hasta el final.&nbsp;<\/p>\n\n\n\n<p><strong>Sub 14<\/strong><\/p>\n\n\n\n<p>Los atletas de la categor\u00eda SUB 14 han competido en pista, recorriendo una distancia de&nbsp;<strong>500ml&nbsp;<\/strong>y participando en el concurso de&nbsp;<strong>Longitud<\/strong>.&nbsp;<\/p>\n\n\n\n<p>La 1a prueba ha sido la Longitud de las chicas y la clasificaci\u00f3n ha sido:&nbsp;&nbsp;<strong>Silvia Tae\u00f1o&nbsp;<\/strong>que ha saltado&nbsp;<strong>4.45<\/strong>, ha quedado&nbsp;<strong>2a&nbsp;<\/strong>(Grupo E).&nbsp;<strong>Carla Mart\u00edn&nbsp;<\/strong>que ha saltado&nbsp;<strong>4.00<\/strong>, ha quedado&nbsp;<strong>3a&nbsp;<\/strong>(Grupo E).&nbsp;<strong>Nerea Granizo&nbsp;<\/strong>que ha saltado&nbsp;<strong>3.95<\/strong>, ha quedado&nbsp;<strong>4\u00aa.&nbsp;<\/strong>&nbsp;<strong>Ariadna Mart\u00edn&nbsp;<\/strong>que ha saltado&nbsp;<strong>3.74<\/strong>, ha quedado&nbsp;<strong>7a&nbsp;<\/strong>(Grupo E).&nbsp;<strong>Celia L\u00f3pez&nbsp;<\/strong>que ha saltado&nbsp;<strong>3.58<\/strong>, ha quedado&nbsp;<strong>14a (<\/strong>Grupo B<strong>).<\/strong>&nbsp;<strong>Nerea Garc\u00eda&nbsp;<\/strong>que ha saltado&nbsp;<strong>3.57<\/strong>, ha quedado&nbsp;<strong>12a&nbsp;<\/strong>(Grupo E).&nbsp;<strong>Roc\u00edo \u00c1lvarez&nbsp;<\/strong>que ha saltado&nbsp;<strong>3.53<\/strong>, ha quedado&nbsp;<strong>13a&nbsp;<\/strong>(Grupo E) .&nbsp;<strong>Jimena Asenjo&nbsp;<\/strong>que ha saltado&nbsp;<strong>3.48<\/strong>, ha quedado&nbsp;<strong>14a&nbsp;<\/strong>(Grupo E) .<strong>Izaskun Soria&nbsp;<\/strong>que ha saltado&nbsp;<strong>3.16<\/strong>, ha quedado&nbsp;<strong>17a&nbsp;<\/strong>(Grupo E) y&nbsp;<strong>Carolina Agudo&nbsp;<\/strong>que ha saltado&nbsp;<strong>2.99<\/strong>, ha quedado&nbsp;<strong>18a&nbsp;<\/strong>(Grupo E).&nbsp;<\/p>\n\n\n\n<p>La 2a prueba ha sido la Longitud de los chicos y la clasificaci\u00f3n ha sido:&nbsp;<strong>Facundo Simone&nbsp;<\/strong>que ha saltado&nbsp;<strong>2.93<\/strong>, ha quedado&nbsp;<strong>15.&nbsp;&nbsp;<\/strong><\/p>\n\n\n\n<p>La 3a prueba ha sido el 500ml de las chicas y la clasificaci\u00f3n ha sido:<br><strong>Carla Mart\u00edn&nbsp;<\/strong>con un tiempo de&nbsp;<strong>1:33.44<\/strong>, ha quedado en la posici\u00f3n&nbsp;<strong>6 (serie 2)<br>Roc\u00edo \u00c1lvarez&nbsp;<\/strong>con un tiempo de&nbsp;<strong>1:35.72<\/strong>, ha quedado en la posici\u00f3n&nbsp;<strong>1 (serie 5). Jimena Asenjo&nbsp;<\/strong>con un tiempo de&nbsp;<strong>1:36.42<\/strong>, ha quedado en la posici\u00f3n&nbsp;<strong>8 (serie 2). Celia L\u00f3pez&nbsp;<\/strong>con un tiempo de&nbsp;<strong>1:37.52<\/strong>, ha quedado en la posici\u00f3n&nbsp;<strong>4 (serie 4)<\/strong>.&nbsp;&nbsp;<strong>Silvia Tae\u00f1o&nbsp;<\/strong>con un tiempo de&nbsp;<strong>1:37.82<\/strong>, ha quedado en la posici\u00f3n&nbsp;<strong>10 (serie 1). Ariadna Mart\u00edn&nbsp;<\/strong>con un tiempo de&nbsp;<strong>1:38.95<\/strong>, ha quedado en la posici\u00f3n&nbsp;<strong>6 (serie 4). Nerea Garc\u00eda&nbsp;<\/strong>con un tiempo de&nbsp;<strong>1:42.83<\/strong>, ha quedado en la posici\u00f3n&nbsp;<strong>6 (serie 7). Elena S\u00e1nchez&nbsp;<\/strong>con un tiempo de&nbsp;<strong>1:43.24<\/strong>, ha quedado en la posici\u00f3n&nbsp;<strong>3 (serie 6). Carolina Agudo&nbsp;<\/strong>con un tiempo de&nbsp;<strong>1:49.06<\/strong>, ha quedado en la posici\u00f3n&nbsp;<strong>10 (serie 6)<br><\/strong>&nbsp;e&nbsp;<strong>Izaskun Soria&nbsp;<\/strong>con un tiempo de&nbsp;<strong>2:02.07<\/strong>, ha quedado en la posici\u00f3n&nbsp;<strong>10 (serie 7).<\/strong><\/p>\n\n\n\n<p>La 4a prueba ha sido el 500ml de los chicos y la clasificaci\u00f3n ha sido:&nbsp;<strong>Facundo Simone&nbsp;<\/strong>con un tiempo de&nbsp;<strong>1:45.95<\/strong>, ha quedado en la posici\u00f3n&nbsp;<strong>10 (serie 3)&nbsp;<\/strong><\/p>\n\n\n\n<p><strong>Sub 16<\/strong><\/p>\n\n\n\n<p>Los primeros en competir, fueron los chicos en la longitud. Los tres chicos hicieron saltos muy buenos. Destacar los saltos de&nbsp;<strong>Oliver<\/strong>&nbsp;que a pesar de hacer dos nulos, hizo un salto v\u00e1lido de&nbsp;<strong>5,13m.<\/strong><\/p>\n\n\n\n<p>A su vez compet\u00eda&nbsp;<strong>Adriana<\/strong>&nbsp;<strong>S\u00e1nchez<\/strong>, en la longitud femenina que consigui\u00f3 hacer un salto de&nbsp;<strong>3,76m&nbsp;<\/strong>quedando la sexta de su serie.<\/p>\n\n\n\n<p>Tras la longitud, tanto chicos como chicas corrieron el 500. Destacar las carreras de&nbsp;<strong>Daniel<\/strong>&nbsp;<strong>Rodr\u00edguez<\/strong>, que ha mejorado su marca personal 3 segundos, parando el crono en&nbsp;<strong>1:28.58<\/strong>. Y la carrera de&nbsp;<strong>Elsa&nbsp;<\/strong>fue muy bonita ya que a pesar de quedar la cuarta en su serie, fue la primera durante toda la carrera, parando el crono en&nbsp;<strong>1:34.83.<\/strong><\/p>\n\n\n\n<p>En el 600 sub 16 masculino ten\u00edamos a&nbsp;<strong>Jorge Liras<\/strong>, en la tercera serie, con gente sin marca, como \u00e9l, ya que era la primera competici\u00f3n de su vida y su primer d\u00eda de clavos. Con todo esto, la carrera y la marca que ha hecho son muy prometedoras y de gran valor. Qued\u00f3 tercero con 1\u00b435&#8243;60.&nbsp;<\/p>\n\n\n\n<p><\/p>\n\n\n\n<figure class=\"wp-block-image size-large\"><img loading=\"lazy\" decoding=\"async\" width=\"1024\" height=\"768\" src=\"http:\/\/ssreyescmenorca.com\/wp-content\/uploads\/2022\/11\/IMG_20221113_102509-1-1024x768.jpg\" alt=\"\" class=\"wp-image-946\" srcset=\"http:\/\/ssreyescmenorca.com\/wp-content\/uploads\/2022\/11\/IMG_20221113_102509-1-1024x768.jpg 1024w, http:\/\/ssreyescmenorca.com\/wp-content\/uploads\/2022\/11\/IMG_20221113_102509-1-300x225.jpg 300w, http:\/\/ssreyescmenorca.com\/wp-content\/uploads\/2022\/11\/IMG_20221113_102509-1-768x576.jpg 768w, http:\/\/ssreyescmenorca.com\/wp-content\/uploads\/2022\/11\/IMG_20221113_102509-1-1536x1152.jpg 1536w, http:\/\/ssreyescmenorca.com\/wp-content\/uploads\/2022\/11\/IMG_20221113_102509-1-2048x1536.jpg 2048w, http:\/\/ssreyescmenorca.com\/wp-content\/uploads\/2022\/11\/IMG_20221113_102509-1-1568x1176.jpg 1568w, http:\/\/ssreyescmenorca.com\/wp-content\/uploads\/2022\/11\/IMG_20221113_102509-1-600x450.jpg 600w\" sizes=\"auto, (max-width: 1024px) 100vw, 1024px\" \/><\/figure>\n\n\n\n<p><strong>13.11.2022.&nbsp;<\/strong><strong>Campeonato de Espa\u00f1a de Cross de Clubs. Atapuerca (Burgos).<\/strong><\/p>\n\n\n\n<p>Por norma, empiezan las chicas sub 16, con 3.000 m que se hacen largos para algunas de las nuestras. La carrera m\u00e1s numerosa del d\u00eda, 488 inscritas(!!!). Una carrera con un alto nivel en las 30-40 primeras posiciones. Tenemos a&nbsp;<strong>Ana Nerea D\u00edaz<\/strong>&nbsp;y&nbsp;<strong>Alejandra Vigo<\/strong>&nbsp;que corren como independientes, la segunda es la que encabeza a las amarillas mucho tiempo, pero pincha perdiendo puestos durante los \u00faltimos minutos y llega la 229, Ana que va detr\u00e1s de ella mucho tiempo, es la primera en superarla y llega la 159. De las 6 que punt\u00faan para el equipo,&nbsp;<strong>Bel\u00e9n Ib\u00e1\u00f1ez<\/strong>&nbsp;es la mejor, yendo tercera media carrera hasta que empieza a pasar a Alejandra, y al final a Ana Nerea, llegando 147, despu\u00e9s en una carrera muy regular, llega&nbsp;<strong>In\u00e9s Bertol<\/strong>&nbsp;la 230 Despu\u00e9s de ellas se abre un hueco enorme, con 4 chicas que empiezan en la cola del pelot\u00f3n y adelantan algo algunas de ellas,&nbsp;<strong>Ainara Mej\u00eda<\/strong>&nbsp;la 383,&nbsp;<strong>Carolina D\u00edaz<\/strong>&nbsp;la 395,&nbsp;<strong>Corla Castellanos<\/strong>&nbsp;la 396 y&nbsp;<strong>Alea Guzm\u00e1n<\/strong>&nbsp;la 425. Por equipo las 51\u00ba&nbsp;<\/p>\n\n\n\n<p>Despu\u00e9s los chicos sub 16, 465 inscritos para 4.000 m. Aqu\u00ed sin equipo, 3 atletas independientes,&nbsp;<strong>\u00c1lvaro Llinares<\/strong>&nbsp;y&nbsp;<strong>Miguel Villaverde<\/strong>&nbsp;a pesar de su calidad no salen m\u00e1s all\u00e1 de los 100 primeros puestos, lo que dice mucho de la calidad de la carrera. Van adelantando poco a poco hasta que se va colocando \u00c1lvaro entre los 60 primeros y Miguel a 10 puestos, y a partir de ah\u00ed \u00c1lvaro continua con la remontada hasta el 44\u00ba pero Miguel va perdiendo puestos a medida que pasa la carrera hasta el 151\u00ba, por detr\u00e1s&nbsp;<strong>Daniel Pariente<\/strong>&nbsp;sale demasiado conservador pr\u00e1cticamente en \u00faltima posici\u00f3n, y consigue adelantar en los 4 km a 50 atletas, llega el 351\u00ba.<\/p>\n\n\n\n<p>En chicos sub 18 hay 5.000 m y 371 inscritos, salimos sin equipo, con&nbsp;<strong>Hugo Tirado<\/strong>&nbsp;como independiente y&nbsp;<strong>Eneko de Castro<\/strong>&nbsp;en las filas del Sprint, Hugo sale bien colocado y a mitad de carrera le vienen las molestias de la rodilla y termina sufriendo, el 207\u00ba. Eneko sale perfectamente colocado entre los 30-40 primeros, pero le empieza a pasar factura la tos de la \u00faltima semana, y los \u00faltimos 2.000 metros sufre por perder el m\u00ednimo de posiciones, llegando en un gran puesto 67\u00ba. Carrera de gran calidad tambi\u00e9n.<\/p>\n\n\n\n<p>En chicas sub 20, 4.000 m, ya menos inscritos, &#8220;solo&#8221; 156, pero al habitual nivel de las otras carreras se le suma que es carrera clasificatoria para el Europeo de Cross, la mejor carrera posible en esta categor\u00eda. Con 3 de las nuestras sin poder hacer equipo,&nbsp;<strong>Ana de la Iglesia<\/strong>&nbsp;la que mejor sale, corre entre las 40-50 primeras durante 1,5 km hasta que los gemelos se le suben y tiene que retirarse, una pena porque ven\u00eda en muy buena forma,&nbsp;<strong>Paula Mart\u00edn<\/strong>, con alg\u00fan problema en la salida va cogiendo desde atr\u00e1s chicas que deb\u00edan ser su referencia, hasta que se sit\u00faa entre las 60 primeras y ah\u00ed se mantiene, llegando la 66\u00ba, y&nbsp;<strong>Lucia Hidalgo<\/strong>&nbsp;con un papel\u00f3n en una carrera de este nivel, cumple con nota llegando la 114\u00ba.<\/p>\n\n\n\n<p>En chicos sub 20 solo corre&nbsp;<strong>Fernando magano<\/strong>, que corre entre los 100-120 primeros durante 3 km hasta que una ampolla le hace parar.<\/p>\n\n\n\n<figure class=\"wp-block-image size-large\"><img loading=\"lazy\" decoding=\"async\" width=\"1024\" height=\"461\" src=\"http:\/\/ssreyescmenorca.com\/wp-content\/uploads\/2022\/11\/d508061a-cfa2-4374-8729-b0f00c590245-1024x461.jpg\" alt=\"\" class=\"wp-image-948\" srcset=\"http:\/\/ssreyescmenorca.com\/wp-content\/uploads\/2022\/11\/d508061a-cfa2-4374-8729-b0f00c590245-1024x461.jpg 1024w, http:\/\/ssreyescmenorca.com\/wp-content\/uploads\/2022\/11\/d508061a-cfa2-4374-8729-b0f00c590245-300x135.jpg 300w, http:\/\/ssreyescmenorca.com\/wp-content\/uploads\/2022\/11\/d508061a-cfa2-4374-8729-b0f00c590245-768x345.jpg 768w, http:\/\/ssreyescmenorca.com\/wp-content\/uploads\/2022\/11\/d508061a-cfa2-4374-8729-b0f00c590245-1536x691.jpg 1536w, http:\/\/ssreyescmenorca.com\/wp-content\/uploads\/2022\/11\/d508061a-cfa2-4374-8729-b0f00c590245-1568x705.jpg 1568w, http:\/\/ssreyescmenorca.com\/wp-content\/uploads\/2022\/11\/d508061a-cfa2-4374-8729-b0f00c590245-600x270.jpg 600w, http:\/\/ssreyescmenorca.com\/wp-content\/uploads\/2022\/11\/d508061a-cfa2-4374-8729-b0f00c590245.jpg 2048w\" sizes=\"auto, (max-width: 1024px) 100vw, 1024px\" \/><\/figure>\n\n\n\n<figure class=\"wp-block-image size-large\"><img loading=\"lazy\" decoding=\"async\" width=\"1024\" height=\"576\" src=\"http:\/\/ssreyescmenorca.com\/wp-content\/uploads\/2022\/11\/440180fe-d1b7-4b5e-88ae-c4f8ed0d067d-1024x576.jpg\" alt=\"\" class=\"wp-image-947\" srcset=\"http:\/\/ssreyescmenorca.com\/wp-content\/uploads\/2022\/11\/440180fe-d1b7-4b5e-88ae-c4f8ed0d067d-1024x576.jpg 1024w, http:\/\/ssreyescmenorca.com\/wp-content\/uploads\/2022\/11\/440180fe-d1b7-4b5e-88ae-c4f8ed0d067d-300x169.jpg 300w, http:\/\/ssreyescmenorca.com\/wp-content\/uploads\/2022\/11\/440180fe-d1b7-4b5e-88ae-c4f8ed0d067d-768x432.jpg 768w, http:\/\/ssreyescmenorca.com\/wp-content\/uploads\/2022\/11\/440180fe-d1b7-4b5e-88ae-c4f8ed0d067d-1536x864.jpg 1536w, http:\/\/ssreyescmenorca.com\/wp-content\/uploads\/2022\/11\/440180fe-d1b7-4b5e-88ae-c4f8ed0d067d-1568x882.jpg 1568w, http:\/\/ssreyescmenorca.com\/wp-content\/uploads\/2022\/11\/440180fe-d1b7-4b5e-88ae-c4f8ed0d067d-600x338.jpg 600w, http:\/\/ssreyescmenorca.com\/wp-content\/uploads\/2022\/11\/440180fe-d1b7-4b5e-88ae-c4f8ed0d067d.jpg 1600w\" sizes=\"auto, (max-width: 1024px) 100vw, 1024px\" \/><\/figure>\n","protected":false},"excerpt":{"rendered":"<p>13.11.2022.&nbsp;Jornada Menores 4.&nbsp;Polideportivo de Gallur.&nbsp; Sub 10 Los atletas de la categor\u00eda sub 10 compet\u00edan en la prueba de&nbsp;500m. La prueba se realiz\u00f3 a las 10:38 de la ma\u00f1ana en la que compitieron las atletas: Leyre Arguello, Alba Mart\u00ednez, Valeria Toledo, Vera Arranz, se presentaron a la \u00fanica prueba que pod\u00edan competir: 500m.&nbsp; En la&hellip; <a class=\"more-link\" href=\"http:\/\/ssreyescmenorca.com\/?p=944\">Seguir leyendo <span class=\"screen-reader-text\"><strong><u>Jornada Menores 4 (Gallur) y Campeonato de Espa\u00f1a de Cross de Clubs.<\/u><\/strong><\/span><\/a><\/p>\n","protected":false},"author":2,"featured_media":948,"comment_status":"open","ping_status":"open","sticky":false,"template":"","format":"standard","meta":{"footnotes":""},"categories":[3],"tags":[],"class_list":["post-944","post","type-post","status-publish","format-standard","has-post-thumbnail","hentry","category-noticias","entry"],"_links":{"self":[{"href":"http:\/\/ssreyescmenorca.com\/index.php?rest_route=\/wp\/v2\/posts\/944","targetHints":{"allow":["GET"]}}],"collection":[{"href":"http:\/\/ssreyescmenorca.com\/index.php?rest_route=\/wp\/v2\/posts"}],"about":[{"href":"http:\/\/ssreyescmenorca.com\/index.php?rest_route=\/wp\/v2\/types\/post"}],"author":[{"embeddable":true,"href":"http:\/\/ssreyescmenorca.com\/index.php?rest_route=\/wp\/v2\/users\/2"}],"replies":[{"embeddable":true,"href":"http:\/\/ssreyescmenorca.com\/index.php?rest_route=%2Fwp%2Fv2%2Fcomments&post=944"}],"version-history":[{"count":2,"href":"http:\/\/ssreyescmenorca.com\/index.php?rest_route=\/wp\/v2\/posts\/944\/revisions"}],"predecessor-version":[{"id":950,"href":"http:\/\/ssreyescmenorca.com\/index.php?rest_route=\/wp\/v2\/posts\/944\/revisions\/950"}],"wp:featuredmedia":[{"embeddable":true,"href":"http:\/\/ssreyescmenorca.com\/index.php?rest_route=\/wp\/v2\/media\/948"}],"wp:attachment":[{"href":"http:\/\/ssreyescmenorca.com\/index.php?rest_route=%2Fwp%2Fv2%2Fmedia&parent=944"}],"wp:term":[{"taxonomy":"category","embeddable":true,"href":"http:\/\/ssreyescmenorca.com\/index.php?rest_route=%2Fwp%2Fv2%2Fcategories&post=944"},{"taxonomy":"post_tag","embeddable":true,"href":"http:\/\/ssreyescmenorca.com\/index.php?rest_route=%2Fwp%2Fv2%2Ftags&post=944"}],"curies":[{"name":"wp","href":"https:\/\/api.w.org\/{rel}","templated":true}]}}