{"id":857,"date":"2022-10-25T13:43:32","date_gmt":"2022-10-25T13:43:32","guid":{"rendered":"http:\/\/ssreyescmenorca.com\/?p=857"},"modified":"2022-10-25T13:43:33","modified_gmt":"2022-10-25T13:43:33","slug":"mm-valencia-csic-5km-de-pinto-y-mas","status":"publish","type":"post","link":"http:\/\/ssreyescmenorca.com\/?p=857","title":{"rendered":"MM Valencia, CSIC, 5Km de Pinto y m\u00e1s"},"content":{"rendered":"\n<p>Este pasado domingo 23 el&nbsp;<strong>Medio Marat\u00f3n de Valencia Trinidad Alfonso Zurich<\/strong>&nbsp;volvi\u00f3 a ser una de las pruebas m\u00e1s esperadas del calendario de carreras populares por sus r\u00e1pidos 21 kil\u00f3metros. Hasta la ciudad portuaria se desplazaron <strong>Santiago Fern\u00e1ndez (1:07:06), Miguel \u00c1ngel Torres <\/strong>(<strong>1:16:17), Cristina Giurcanu (1:17:33), Jes\u00fas Morante (1:17:50), Ra\u00fal Rodr\u00edguez (1:21:27), Jos\u00e9 Vicente L\u00f3pez, Ignacio Garc\u00eda De Vinuesa, Christian Villar, Carlos Garc\u00eda, Oscar Fern\u00e1ndez <\/strong>y<strong> Jorge Tipan <\/strong>entre otros.<\/p>\n\n\n\n<figure class=\"wp-block-gallery has-nested-images columns-default is-cropped wp-block-gallery-1 is-layout-flex wp-block-gallery-is-layout-flex\">\n<figure class=\"wp-block-image size-large\"><img loading=\"lazy\" decoding=\"async\" width=\"380\" height=\"621\" data-id=\"859\" src=\"http:\/\/ssreyescmenorca.com\/wp-content\/uploads\/2022\/10\/vicente.png\" alt=\"\" class=\"wp-image-859\" srcset=\"http:\/\/ssreyescmenorca.com\/wp-content\/uploads\/2022\/10\/vicente.png 380w, http:\/\/ssreyescmenorca.com\/wp-content\/uploads\/2022\/10\/vicente-184x300.png 184w\" sizes=\"auto, (max-width: 380px) 100vw, 380px\" \/><\/figure>\n\n\n\n<figure class=\"wp-block-image size-large\"><img loading=\"lazy\" decoding=\"async\" width=\"282\" height=\"299\" data-id=\"861\" src=\"http:\/\/ssreyescmenorca.com\/wp-content\/uploads\/2022\/10\/cristina.png\" alt=\"\" class=\"wp-image-861\"\/><\/figure>\n\n\n\n<figure class=\"wp-block-image size-large\"><img loading=\"lazy\" decoding=\"async\" width=\"357\" height=\"413\" data-id=\"860\" src=\"http:\/\/ssreyescmenorca.com\/wp-content\/uploads\/2022\/10\/mm-v.png\" alt=\"\" class=\"wp-image-860\" srcset=\"http:\/\/ssreyescmenorca.com\/wp-content\/uploads\/2022\/10\/mm-v.png 357w, http:\/\/ssreyescmenorca.com\/wp-content\/uploads\/2022\/10\/mm-v-259x300.png 259w\" sizes=\"auto, (max-width: 357px) 100vw, 357px\" \/><\/figure>\n<\/figure>\n\n\n\n<p>La 41\u00aa edici\u00f3n de Carrera de la Ciencia, conocida como CSIC tambi\u00e9n volvi\u00f3 este domingo a las calles de Madrid con una gran participaci\u00f3n de deportistas. <strong>Sergio Salinero<\/strong> fue el segundo m\u00e1s r\u00e1pido (<strong>31:49<\/strong>), seguido de <strong>Juan Carlos Monta <\/strong>5\u00ba y 1\u00ba en su categor\u00eda(<strong>33:53<\/strong>), <strong>Daniel Alcal\u00e1 <\/strong>10\u00ba (<strong>35:27<\/strong>), <strong>Pedro Sanz Mesa&nbsp;&nbsp;&nbsp;&nbsp;&nbsp;&nbsp;&nbsp;&nbsp;&nbsp;&nbsp; <\/strong>(<strong>39:24<\/strong>) y <strong>Manuel Carnerero <\/strong>(<strong>41:33<\/strong>).<\/p>\n\n\n\n<figure class=\"wp-block-gallery has-nested-images columns-default is-cropped wp-block-gallery-2 is-layout-flex wp-block-gallery-is-layout-flex\">\n<figure class=\"wp-block-image size-large\"><img loading=\"lazy\" decoding=\"async\" width=\"346\" height=\"413\" data-id=\"862\" src=\"http:\/\/ssreyescmenorca.com\/wp-content\/uploads\/2022\/10\/sergio.png\" alt=\"\" class=\"wp-image-862\" srcset=\"http:\/\/ssreyescmenorca.com\/wp-content\/uploads\/2022\/10\/sergio.png 346w, http:\/\/ssreyescmenorca.com\/wp-content\/uploads\/2022\/10\/sergio-251x300.png 251w\" sizes=\"auto, (max-width: 346px) 100vw, 346px\" \/><\/figure>\n\n\n\n<figure class=\"wp-block-image size-large\"><img loading=\"lazy\" decoding=\"async\" width=\"424\" height=\"642\" data-id=\"863\" src=\"http:\/\/ssreyescmenorca.com\/wp-content\/uploads\/2022\/10\/monta.png\" alt=\"\" class=\"wp-image-863\" srcset=\"http:\/\/ssreyescmenorca.com\/wp-content\/uploads\/2022\/10\/monta.png 424w, http:\/\/ssreyescmenorca.com\/wp-content\/uploads\/2022\/10\/monta-198x300.png 198w\" sizes=\"auto, (max-width: 424px) 100vw, 424px\" \/><\/figure>\n\n\n\n<figure class=\"wp-block-image size-large\"><img loading=\"lazy\" decoding=\"async\" width=\"505\" height=\"628\" data-id=\"864\" src=\"http:\/\/ssreyescmenorca.com\/wp-content\/uploads\/2022\/10\/salicsic.png\" alt=\"\" class=\"wp-image-864\" srcset=\"http:\/\/ssreyescmenorca.com\/wp-content\/uploads\/2022\/10\/salicsic.png 505w, http:\/\/ssreyescmenorca.com\/wp-content\/uploads\/2022\/10\/salicsic-241x300.png 241w\" sizes=\"auto, (max-width: 505px) 100vw, 505px\" \/><\/figure>\n<\/figure>\n\n\n\n<p>Ese d\u00eda Pinto acogi\u00f3 la <strong>I Carrera 5Km Running Pinto<\/strong> que discurr\u00eda por un circuito homologado de 5 km sobre un recorrido urbano asfaltado con salida&nbsp; y meta en el Parque Municipal. Participaron <strong>Antonio Luque (16:36), Jes\u00fas Crespo (17:06), Juan Mart\u00ednez Vergara (17:43), Javier Rubio (17:58), Roberto Garcia (18:40), Antonio Soto Mart\u00edn (18:50), Rebecca Brassington y Carmen Pinto Montes.<\/strong><\/p>\n\n\n\n<figure class=\"wp-block-gallery has-nested-images columns-default is-cropped wp-block-gallery-3 is-layout-flex wp-block-gallery-is-layout-flex\">\n<figure class=\"wp-block-image size-large\"><img loading=\"lazy\" decoding=\"async\" width=\"404\" height=\"632\" data-id=\"865\" src=\"http:\/\/ssreyescmenorca.com\/wp-content\/uploads\/2022\/10\/antonio.png\" alt=\"\" class=\"wp-image-865\" srcset=\"http:\/\/ssreyescmenorca.com\/wp-content\/uploads\/2022\/10\/antonio.png 404w, http:\/\/ssreyescmenorca.com\/wp-content\/uploads\/2022\/10\/antonio-192x300.png 192w\" sizes=\"auto, (max-width: 404px) 100vw, 404px\" \/><\/figure>\n\n\n\n<figure class=\"wp-block-image size-large\"><img loading=\"lazy\" decoding=\"async\" width=\"386\" height=\"519\" data-id=\"867\" src=\"http:\/\/ssreyescmenorca.com\/wp-content\/uploads\/2022\/10\/crespo.png\" alt=\"\" class=\"wp-image-867\" srcset=\"http:\/\/ssreyescmenorca.com\/wp-content\/uploads\/2022\/10\/crespo.png 386w, http:\/\/ssreyescmenorca.com\/wp-content\/uploads\/2022\/10\/crespo-223x300.png 223w\" sizes=\"auto, (max-width: 386px) 100vw, 386px\" \/><\/figure>\n\n\n\n<figure class=\"wp-block-image size-large\"><img loading=\"lazy\" decoding=\"async\" width=\"482\" height=\"633\" data-id=\"866\" src=\"http:\/\/ssreyescmenorca.com\/wp-content\/uploads\/2022\/10\/juan.png\" alt=\"\" class=\"wp-image-866\" srcset=\"http:\/\/ssreyescmenorca.com\/wp-content\/uploads\/2022\/10\/juan.png 482w, http:\/\/ssreyescmenorca.com\/wp-content\/uploads\/2022\/10\/juan-228x300.png 228w\" sizes=\"auto, (max-width: 482px) 100vw, 482px\" \/><\/figure>\n<\/figure>\n\n\n\n<p>En Ciudad Real se celebr\u00f3 el<strong> Quijote Marat\u00f3n<\/strong>, un evento deportivo que ha contado con alrededor de 1.100 participantes entre la categor\u00eda de los 10K, media y marat\u00f3n. En la prueba reina, <strong>Alberto Landa<\/strong> entr\u00f3 4\u00ba de la general con un tiempo de <strong>02:36:16 <\/strong>y <strong>Mar\u00eda del Mar Garc\u00eda<\/strong> logr\u00f3 el 2\u00ba puesto en su categor\u00eda, mientras que en la media marat\u00f3n <strong>David Rodr\u00edguez<\/strong> entr\u00f3 como 10\u00ba absoluto (<strong>01:17:13<\/strong>) seguido de <strong>David Sanchez Varela<\/strong> (<strong>01:23:00<\/strong>) y <strong>Mar\u00eda<\/strong> <strong>Jes\u00fas V\u00e1zquez<\/strong> (<strong>01:30:10<\/strong>).&nbsp;&nbsp;&nbsp;&nbsp;&nbsp;&nbsp;&nbsp;&nbsp;&nbsp;<\/p>\n\n\n\n<figure class=\"wp-block-gallery has-nested-images columns-default is-cropped wp-block-gallery-4 is-layout-flex wp-block-gallery-is-layout-flex\">\n<figure class=\"wp-block-image size-large\"><img loading=\"lazy\" decoding=\"async\" width=\"417\" height=\"614\" data-id=\"869\" src=\"http:\/\/ssreyescmenorca.com\/wp-content\/uploads\/2022\/10\/landa.png\" alt=\"\" class=\"wp-image-869\" srcset=\"http:\/\/ssreyescmenorca.com\/wp-content\/uploads\/2022\/10\/landa.png 417w, http:\/\/ssreyescmenorca.com\/wp-content\/uploads\/2022\/10\/landa-204x300.png 204w\" sizes=\"auto, (max-width: 417px) 100vw, 417px\" \/><\/figure>\n\n\n\n<figure class=\"wp-block-image size-large\"><img loading=\"lazy\" decoding=\"async\" width=\"315\" height=\"365\" data-id=\"868\" src=\"http:\/\/ssreyescmenorca.com\/wp-content\/uploads\/2022\/10\/maria-del-mar.png\" alt=\"\" class=\"wp-image-868\" srcset=\"http:\/\/ssreyescmenorca.com\/wp-content\/uploads\/2022\/10\/maria-del-mar.png 315w, http:\/\/ssreyescmenorca.com\/wp-content\/uploads\/2022\/10\/maria-del-mar-259x300.png 259w\" sizes=\"auto, (max-width: 315px) 100vw, 315px\" \/><\/figure>\n<\/figure>\n","protected":false},"excerpt":{"rendered":"<p>Este pasado domingo 23 el&nbsp;Medio Marat\u00f3n de Valencia Trinidad Alfonso Zurich&nbsp;volvi\u00f3 a ser una de las pruebas m\u00e1s esperadas del calendario de carreras populares por sus r\u00e1pidos 21 kil\u00f3metros. Hasta la ciudad portuaria se desplazaron Santiago Fern\u00e1ndez (1:07:06), Miguel \u00c1ngel Torres (1:16:17), Cristina Giurcanu (1:17:33), Jes\u00fas Morante (1:17:50), Ra\u00fal Rodr\u00edguez (1:21:27), Jos\u00e9 Vicente L\u00f3pez, Ignacio&hellip; <a class=\"more-link\" href=\"http:\/\/ssreyescmenorca.com\/?p=857\">Seguir leyendo <span class=\"screen-reader-text\">MM Valencia, CSIC, 5Km de Pinto y m\u00e1s<\/span><\/a><\/p>\n","protected":false},"author":3,"featured_media":858,"comment_status":"open","ping_status":"open","sticky":false,"template":"","format":"standard","meta":{"footnotes":""},"categories":[3],"tags":[],"class_list":["post-857","post","type-post","status-publish","format-standard","has-post-thumbnail","hentry","category-noticias","entry"],"_links":{"self":[{"href":"http:\/\/ssreyescmenorca.com\/index.php?rest_route=\/wp\/v2\/posts\/857","targetHints":{"allow":["GET"]}}],"collection":[{"href":"http:\/\/ssreyescmenorca.com\/index.php?rest_route=\/wp\/v2\/posts"}],"about":[{"href":"http:\/\/ssreyescmenorca.com\/index.php?rest_route=\/wp\/v2\/types\/post"}],"author":[{"embeddable":true,"href":"http:\/\/ssreyescmenorca.com\/index.php?rest_route=\/wp\/v2\/users\/3"}],"replies":[{"embeddable":true,"href":"http:\/\/ssreyescmenorca.com\/index.php?rest_route=%2Fwp%2Fv2%2Fcomments&post=857"}],"version-history":[{"count":1,"href":"http:\/\/ssreyescmenorca.com\/index.php?rest_route=\/wp\/v2\/posts\/857\/revisions"}],"predecessor-version":[{"id":870,"href":"http:\/\/ssreyescmenorca.com\/index.php?rest_route=\/wp\/v2\/posts\/857\/revisions\/870"}],"wp:featuredmedia":[{"embeddable":true,"href":"http:\/\/ssreyescmenorca.com\/index.php?rest_route=\/wp\/v2\/media\/858"}],"wp:attachment":[{"href":"http:\/\/ssreyescmenorca.com\/index.php?rest_route=%2Fwp%2Fv2%2Fmedia&parent=857"}],"wp:term":[{"taxonomy":"category","embeddable":true,"href":"http:\/\/ssreyescmenorca.com\/index.php?rest_route=%2Fwp%2Fv2%2Fcategories&post=857"},{"taxonomy":"post_tag","embeddable":true,"href":"http:\/\/ssreyescmenorca.com\/index.php?rest_route=%2Fwp%2Fv2%2Ftags&post=857"}],"curies":[{"name":"wp","href":"https:\/\/api.w.org\/{rel}","templated":true}]}}