{"id":815,"date":"2022-10-18T11:33:33","date_gmt":"2022-10-18T11:33:33","guid":{"rendered":"http:\/\/ssreyescmenorca.com\/?p=815"},"modified":"2022-10-18T12:29:57","modified_gmt":"2022-10-18T12:29:57","slug":"mercamadridcross-uc3m-carrera-naval-y-mas","status":"publish","type":"post","link":"http:\/\/ssreyescmenorca.com\/?p=815","title":{"rendered":"Mercamadrid, Cross UC3M, Carrera Naval y m\u00e1s"},"content":{"rendered":"\n<p>Otro gran fin de semana de logros en el que las carreras de la capital tuvieron gran participaci\u00f3n de los atletas del C.A. SS de los Reyes-CMenorca.<\/p>\n\n\n\n<p>El s\u00e1bado 15 se celebr\u00f3 el <strong>XXXIV Cross Rector UC3M<\/strong>, 3\u00aa Prueba de Circuito de Universitario de Cross de Madrid 2022-2023&nbsp;con una distancia de 5.000 metros en la que <strong>Marcos O\u00f1ate<\/strong> entr\u00f3 5\u00ba (<strong>16:26<\/strong>) por delante de <strong>Javier Mart\u00edn<\/strong> (<strong>17:19<\/strong>) 12\u00ba. Cogiendo sensaciones de cara al Campeonato de Madrid.<\/p>\n\n\n\n<p>Un d\u00eda despu\u00e9s, miles de personas acudieron al regreso de los <strong>10K Mercamadrid, <\/strong>con\u00a0su recorrido habitual\u00a0por el interior de los mercados e instalaciones de la Unidad Alimentaria, partiendo de la avenida de Madrid y culminando en el mismo sitio. All\u00ed asisti\u00f3 <strong>Daniel Moreno<\/strong> (<strong>32:01<\/strong>) finalizando en una buena 4\u00aa posici\u00f3n, seguido de <strong>Antonio Perales<\/strong> 6\u00ba (<strong>33:15<\/strong>), <strong>V\u00edctor Gallego <\/strong>9\u00ba(<strong>33:40<\/strong>), <strong>Alejandro Rivera<\/strong> (<strong>35:00<\/strong>)<strong>, Jos\u00e9 Norberto Jami <\/strong>(<strong>36:24<\/strong>), <strong>Javier Rubio <\/strong>(<strong>36:45<\/strong>), <strong>Pedro Sanz <\/strong>(<strong>37:36<\/strong>), <strong>Alexis Iv\u00e1n Meza <\/strong>(<strong>37:41<\/strong>), <strong>Jes\u00fas Garc\u00eda <\/strong>(<strong>38:54<\/strong>), <strong>Jorge Tipan <\/strong>(<strong>39:08<\/strong>),<strong>Manuel Carnerero <\/strong>(<strong>40:53<\/strong>), <strong>Roberto Garc\u00eda<\/strong>, <strong>Francisco Jes\u00fas Arroyo,<\/strong> <strong>Cristina Rozal\u00e9n <\/strong>(<strong>41:15<\/strong>), <strong>Jes\u00fas Damian Morales<\/strong>, <strong>Nacho Fern\u00e1ndez<\/strong>, <strong>Rafael V\u00e1zquez Nu\u00f1ez<\/strong>, <strong>Mar\u00eda De Las Mercedes P\u00e9rez <\/strong>, <strong>Bego\u00f1a Polo, Juan Jos\u00e9 Jim\u00e9nez, Jos\u00e9 Antonio Valledor <\/strong>, <strong>Miguel \u00c1ngel Gonz\u00e1lez <\/strong>, <strong>Noem\u00ed D\u00edaz <\/strong>, <strong>Carolina Barreira Pilar Vigara <\/strong>, <strong>M\u00f3nica Payo <\/strong>\u00a0y <strong>Jos\u00e9 Luis Machota <\/strong>entre otros.<\/p>\n\n\n\n<figure class=\"wp-block-gallery has-nested-images columns-default is-cropped wp-block-gallery-1 is-layout-flex wp-block-gallery-is-layout-flex\">\n<figure class=\"wp-block-image size-large\"><img loading=\"lazy\" decoding=\"async\" width=\"584\" height=\"491\" data-id=\"820\" src=\"http:\/\/ssreyescmenorca.com\/wp-content\/uploads\/2022\/10\/pak-1.png\" alt=\"\" class=\"wp-image-820\" srcset=\"http:\/\/ssreyescmenorca.com\/wp-content\/uploads\/2022\/10\/pak-1.png 584w, http:\/\/ssreyescmenorca.com\/wp-content\/uploads\/2022\/10\/pak-1-300x252.png 300w\" sizes=\"auto, (max-width: 584px) 100vw, 584px\" \/><\/figure>\n\n\n\n<figure class=\"wp-block-image size-large\"><img loading=\"lazy\" decoding=\"async\" width=\"396\" height=\"423\" data-id=\"819\" src=\"http:\/\/ssreyescmenorca.com\/wp-content\/uploads\/2022\/10\/perales-1.png\" alt=\"\" class=\"wp-image-819\" srcset=\"http:\/\/ssreyescmenorca.com\/wp-content\/uploads\/2022\/10\/perales-1.png 396w, http:\/\/ssreyescmenorca.com\/wp-content\/uploads\/2022\/10\/perales-1-281x300.png 281w\" sizes=\"auto, (max-width: 396px) 100vw, 396px\" \/><\/figure>\n<\/figure>\n\n\n\n<p>En el Parque de El Retiro, se celebr\u00f3 la 7\u00aa edici\u00f3n de la <strong>Carrera Semana Naval<\/strong>, en honor a las fuerzas navales. Los hermanos <strong>Javier <\/strong>y<strong> David Mart\u00ednez<\/strong> se impusieron en ambas modalidades (5 y 10 Km) para subir a lo m\u00e1s alto del podio con un tiempo de <strong>16\u00b444\u00b4\u00b4<\/strong> y <strong>31\u00b438\u00b4\u00b4.<\/strong><\/p>\n\n\n\n<figure class=\"wp-block-gallery has-nested-images columns-default is-cropped wp-block-gallery-2 is-layout-flex wp-block-gallery-is-layout-flex\">\n<figure class=\"wp-block-image size-large\"><img loading=\"lazy\" decoding=\"async\" width=\"367\" height=\"451\" data-id=\"821\" src=\"http:\/\/ssreyescmenorca.com\/wp-content\/uploads\/2022\/10\/martinez.png\" alt=\"\" class=\"wp-image-821\" srcset=\"http:\/\/ssreyescmenorca.com\/wp-content\/uploads\/2022\/10\/martinez.png 367w, http:\/\/ssreyescmenorca.com\/wp-content\/uploads\/2022\/10\/martinez-244x300.png 244w\" sizes=\"auto, (max-width: 367px) 100vw, 367px\" \/><\/figure>\n\n\n\n<figure class=\"wp-block-image size-large\"><img loading=\"lazy\" decoding=\"async\" width=\"417\" height=\"617\" data-id=\"822\" src=\"http:\/\/ssreyescmenorca.com\/wp-content\/uploads\/2022\/10\/tendi.png\" alt=\"\" class=\"wp-image-822\" srcset=\"http:\/\/ssreyescmenorca.com\/wp-content\/uploads\/2022\/10\/tendi.png 417w, http:\/\/ssreyescmenorca.com\/wp-content\/uploads\/2022\/10\/tendi-203x300.png 203w\" sizes=\"auto, (max-width: 417px) 100vw, 417px\" \/><\/figure>\n<\/figure>\n\n\n\n<p>Tambi\u00e9n se disput\u00f3 la <strong>XXXI Milla de Parla &#8211; Campeonato Madrid M\u00e1ster<\/strong>, en la que 2 de nuestros veteranos atletas se midieron en sus respectivas categor\u00edas. Los resultados fueron:<\/p>\n\n\n\n<p>\u00a0<strong>Miguel \u00c1ngel Sanz <\/strong>\u00a0vencedor (1\u00ba) con una marca de <strong>5:35<\/strong> en la Final Masc. 60-64 y <strong>\u00c1ngel Lebrero<\/strong> \u00a04\u00ba con <strong>5:24<\/strong> en la Final Masc. 55-59.<\/p>\n\n\n\n<p>El Patronato de Deportes del Ayuntamiento de Fuenlabrada y la Universidad Rey Juan Carlos proyectaron adem\u00e1s este 16 de octubre dos de las carreras m\u00e1s emblem\u00e1ticas del municipio<strong>, la XXIV Media marat\u00f3n y el XI 10K<\/strong>, ambas homologadas por la RFEA<strong>. <\/strong>En la distancia \u201ccorta\u201d <strong>Pedro De La Mata <\/strong>fue el m\u00e1s r\u00e1pido en cruzar el arco de meta (<strong>33:15<\/strong>), mientras que en los 21 kil\u00f3metros, el experimentado <strong>Juan P\u00e9rez<\/strong> entr\u00f3 2\u00ba absoluto proclam\u00e1ndose campe\u00f3n de su categor\u00eda (<strong>01:18:00<\/strong>).<\/p>\n\n\n\n<figure class=\"wp-block-gallery has-nested-images columns-default is-cropped wp-block-gallery-3 is-layout-flex wp-block-gallery-is-layout-flex\">\n<figure class=\"wp-block-image size-large\"><img loading=\"lazy\" decoding=\"async\" width=\"324\" height=\"459\" data-id=\"826\" src=\"http:\/\/ssreyescmenorca.com\/wp-content\/uploads\/2022\/10\/Pedro-1.png\" alt=\"\" class=\"wp-image-826\" srcset=\"http:\/\/ssreyescmenorca.com\/wp-content\/uploads\/2022\/10\/Pedro-1.png 324w, http:\/\/ssreyescmenorca.com\/wp-content\/uploads\/2022\/10\/Pedro-1-212x300.png 212w\" sizes=\"auto, (max-width: 324px) 100vw, 324px\" \/><\/figure>\n\n\n\n<figure class=\"wp-block-image size-large\"><img loading=\"lazy\" decoding=\"async\" width=\"348\" height=\"434\" data-id=\"827\" src=\"http:\/\/ssreyescmenorca.com\/wp-content\/uploads\/2022\/10\/juan-pe.png\" alt=\"\" class=\"wp-image-827\" srcset=\"http:\/\/ssreyescmenorca.com\/wp-content\/uploads\/2022\/10\/juan-pe.png 348w, http:\/\/ssreyescmenorca.com\/wp-content\/uploads\/2022\/10\/juan-pe-241x300.png 241w\" sizes=\"auto, (max-width: 348px) 100vw, 348px\" \/><\/figure>\n<\/figure>\n","protected":false},"excerpt":{"rendered":"<p>Otro gran fin de semana de logros en el que las carreras de la capital tuvieron gran participaci\u00f3n de los atletas del C.A. SS de los Reyes-CMenorca. El s\u00e1bado 15 se celebr\u00f3 el XXXIV Cross Rector UC3M, 3\u00aa Prueba de Circuito de Universitario de Cross de Madrid 2022-2023&nbsp;con una distancia de 5.000 metros en la&hellip; <a class=\"more-link\" href=\"http:\/\/ssreyescmenorca.com\/?p=815\">Seguir leyendo <span class=\"screen-reader-text\">Mercamadrid, Cross UC3M, Carrera Naval y m\u00e1s<\/span><\/a><\/p>\n","protected":false},"author":3,"featured_media":816,"comment_status":"open","ping_status":"open","sticky":false,"template":"","format":"standard","meta":{"footnotes":""},"categories":[3],"tags":[],"class_list":["post-815","post","type-post","status-publish","format-standard","has-post-thumbnail","hentry","category-noticias","entry"],"_links":{"self":[{"href":"http:\/\/ssreyescmenorca.com\/index.php?rest_route=\/wp\/v2\/posts\/815","targetHints":{"allow":["GET"]}}],"collection":[{"href":"http:\/\/ssreyescmenorca.com\/index.php?rest_route=\/wp\/v2\/posts"}],"about":[{"href":"http:\/\/ssreyescmenorca.com\/index.php?rest_route=\/wp\/v2\/types\/post"}],"author":[{"embeddable":true,"href":"http:\/\/ssreyescmenorca.com\/index.php?rest_route=\/wp\/v2\/users\/3"}],"replies":[{"embeddable":true,"href":"http:\/\/ssreyescmenorca.com\/index.php?rest_route=%2Fwp%2Fv2%2Fcomments&post=815"}],"version-history":[{"count":3,"href":"http:\/\/ssreyescmenorca.com\/index.php?rest_route=\/wp\/v2\/posts\/815\/revisions"}],"predecessor-version":[{"id":828,"href":"http:\/\/ssreyescmenorca.com\/index.php?rest_route=\/wp\/v2\/posts\/815\/revisions\/828"}],"wp:featuredmedia":[{"embeddable":true,"href":"http:\/\/ssreyescmenorca.com\/index.php?rest_route=\/wp\/v2\/media\/816"}],"wp:attachment":[{"href":"http:\/\/ssreyescmenorca.com\/index.php?rest_route=%2Fwp%2Fv2%2Fmedia&parent=815"}],"wp:term":[{"taxonomy":"category","embeddable":true,"href":"http:\/\/ssreyescmenorca.com\/index.php?rest_route=%2Fwp%2Fv2%2Fcategories&post=815"},{"taxonomy":"post_tag","embeddable":true,"href":"http:\/\/ssreyescmenorca.com\/index.php?rest_route=%2Fwp%2Fv2%2Ftags&post=815"}],"curies":[{"name":"wp","href":"https:\/\/api.w.org\/{rel}","templated":true}]}}