{"id":804,"date":"2022-10-10T13:57:25","date_gmt":"2022-10-10T13:57:25","guid":{"rendered":"http:\/\/ssreyescmenorca.com\/?p=804"},"modified":"2022-10-10T14:00:55","modified_gmt":"2022-10-10T14:00:55","slug":"cto-europa-50-km-carrera-por-la-terapia-ocupacional10k-ciempozuelos-y-milla-ibiza","status":"publish","type":"post","link":"http:\/\/ssreyescmenorca.com\/?p=804","title":{"rendered":"Cto Europa 50 Km, Carrera por la Terapia Ocupacional,10K Ciempozuelos y Milla Ibiza"},"content":{"rendered":"\n<p>El pasado 8 de octubre el <strong>Campeonato de Europa de 50 Km en ruta<\/strong> lleg\u00f3 a la localidad abulense de Sotillo de la Adrada con la participaci\u00f3n de m\u00e1s de 30 pa\u00edses en esta dur\u00edsima distancia de ultrafondo. El equipo espa\u00f1ol (compuesto por varios atletas de \u00e9lite) triunf\u00f3 obteniendo el segundo puesto por equipos. Nuestro atleta <strong>Javier Mart\u00ednez <\/strong>complet\u00f3 la actuaci\u00f3n entrando como <strong>4\u00ba espa\u00f1ol<\/strong> en <strong>03h:02:41<\/strong>.<\/p>\n\n\n\n<figure class=\"wp-block-gallery has-nested-images columns-default is-cropped wp-block-gallery-1 is-layout-flex wp-block-gallery-is-layout-flex\">\n<figure class=\"wp-block-image size-large\"><img loading=\"lazy\" decoding=\"async\" width=\"398\" height=\"483\" data-id=\"805\" src=\"http:\/\/ssreyescmenorca.com\/wp-content\/uploads\/2022\/10\/Javiermartine.png\" alt=\"\" class=\"wp-image-805\" srcset=\"http:\/\/ssreyescmenorca.com\/wp-content\/uploads\/2022\/10\/Javiermartine.png 398w, http:\/\/ssreyescmenorca.com\/wp-content\/uploads\/2022\/10\/Javiermartine-247x300.png 247w\" sizes=\"auto, (max-width: 398px) 100vw, 398px\" \/><\/figure>\n\n\n\n<figure class=\"wp-block-image size-large\"><img loading=\"lazy\" decoding=\"async\" width=\"455\" height=\"578\" data-id=\"806\" src=\"http:\/\/ssreyescmenorca.com\/wp-content\/uploads\/2022\/10\/podium.png\" alt=\"\" class=\"wp-image-806\" srcset=\"http:\/\/ssreyescmenorca.com\/wp-content\/uploads\/2022\/10\/podium.png 455w, http:\/\/ssreyescmenorca.com\/wp-content\/uploads\/2022\/10\/podium-236x300.png 236w\" sizes=\"auto, (max-width: 455px) 100vw, 455px\" \/><\/figure>\n<\/figure>\n\n\n\n<p>Un d\u00eda despu\u00e9s <strong>Pedro De la Mata <\/strong>se proclam\u00f3 con holgura vencedor de la 1\u00aa edici\u00f3n de la <strong>Carrera por la Terapia Ocupacional<\/strong>, promovida por el Colegio Profesional de Terapeutas Ocupacionales en el Parque de Valdebebas (Madrid).<\/p>\n\n\n\n<p>El domingo d\u00eda 9 tambi\u00e9n se celebr\u00f3 a las 9:30 horas la XXXVI edici\u00f3n de la <strong>Carrera Popular Villa De Ciempozuelos<\/strong>, que constaba de un circuito urbano por las calles de la localidad de 5 kil\u00f3metros aproximadamente, al que los atletas dieron 2 vueltas para un total de 10K. Con salida y meta en la plaza de la Constituci\u00f3n. All\u00ed asistieron <strong>Jes\u00fas Garc\u00eda <\/strong>(<strong>38:24<\/strong>)<strong>, \u00c1ngel Lebrero <\/strong>(<strong>39:03<\/strong>) y<strong> Pedro Sanz \u00a0<\/strong>(<strong>39:04<\/strong>).<\/p>\n\n\n<div class=\"wp-block-image\">\n<figure class=\"aligncenter size-full is-resized\"><img loading=\"lazy\" decoding=\"async\" src=\"http:\/\/ssreyescmenorca.com\/wp-content\/uploads\/2022\/10\/10K.png\" alt=\"\" class=\"wp-image-807\" width=\"648\" height=\"582\" srcset=\"http:\/\/ssreyescmenorca.com\/wp-content\/uploads\/2022\/10\/10K.png 681w, http:\/\/ssreyescmenorca.com\/wp-content\/uploads\/2022\/10\/10K-300x270.png 300w, http:\/\/ssreyescmenorca.com\/wp-content\/uploads\/2022\/10\/10K-600x539.png 600w\" sizes=\"auto, (max-width: 648px) 100vw, 648px\" \/><\/figure>\n<\/div>\n\n\n<p>Por \u00faltimo, se disput\u00f3 la <strong>Milla Urbana Isla de Ibiza<\/strong> con un recorrido de una milla (1.609 metros), una de las distancias m\u00e1s veteranas del atletismo, en la zona del puerto de Sant Antoni. <strong>Carmen Castillo<\/strong> logr\u00f3 imponerse en su categor\u00eda.<\/p>\n\n\n<div class=\"wp-block-image\">\n<figure class=\"aligncenter size-full is-resized\"><img loading=\"lazy\" decoding=\"async\" src=\"http:\/\/ssreyescmenorca.com\/wp-content\/uploads\/2022\/10\/mamen.png\" alt=\"\" class=\"wp-image-808\" width=\"640\" height=\"461\" srcset=\"http:\/\/ssreyescmenorca.com\/wp-content\/uploads\/2022\/10\/mamen.png 845w, http:\/\/ssreyescmenorca.com\/wp-content\/uploads\/2022\/10\/mamen-300x216.png 300w, http:\/\/ssreyescmenorca.com\/wp-content\/uploads\/2022\/10\/mamen-768x554.png 768w, http:\/\/ssreyescmenorca.com\/wp-content\/uploads\/2022\/10\/mamen-600x432.png 600w\" sizes=\"auto, (max-width: 640px) 100vw, 640px\" \/><\/figure>\n<\/div>","protected":false},"excerpt":{"rendered":"<p>El pasado 8 de octubre el Campeonato de Europa de 50 Km en ruta lleg\u00f3 a la localidad abulense de Sotillo de la Adrada con la participaci\u00f3n de m\u00e1s de 30 pa\u00edses en esta dur\u00edsima distancia de ultrafondo. El equipo espa\u00f1ol (compuesto por varios atletas de \u00e9lite) triunf\u00f3 obteniendo el segundo puesto por equipos. Nuestro&hellip; <a class=\"more-link\" href=\"http:\/\/ssreyescmenorca.com\/?p=804\">Seguir leyendo <span class=\"screen-reader-text\">Cto Europa 50 Km, Carrera por la Terapia Ocupacional,10K Ciempozuelos y Milla Ibiza<\/span><\/a><\/p>\n","protected":false},"author":3,"featured_media":809,"comment_status":"open","ping_status":"open","sticky":false,"template":"","format":"standard","meta":{"footnotes":""},"categories":[3],"tags":[],"class_list":["post-804","post","type-post","status-publish","format-standard","has-post-thumbnail","hentry","category-noticias","entry"],"_links":{"self":[{"href":"http:\/\/ssreyescmenorca.com\/index.php?rest_route=\/wp\/v2\/posts\/804","targetHints":{"allow":["GET"]}}],"collection":[{"href":"http:\/\/ssreyescmenorca.com\/index.php?rest_route=\/wp\/v2\/posts"}],"about":[{"href":"http:\/\/ssreyescmenorca.com\/index.php?rest_route=\/wp\/v2\/types\/post"}],"author":[{"embeddable":true,"href":"http:\/\/ssreyescmenorca.com\/index.php?rest_route=\/wp\/v2\/users\/3"}],"replies":[{"embeddable":true,"href":"http:\/\/ssreyescmenorca.com\/index.php?rest_route=%2Fwp%2Fv2%2Fcomments&post=804"}],"version-history":[{"count":4,"href":"http:\/\/ssreyescmenorca.com\/index.php?rest_route=\/wp\/v2\/posts\/804\/revisions"}],"predecessor-version":[{"id":813,"href":"http:\/\/ssreyescmenorca.com\/index.php?rest_route=\/wp\/v2\/posts\/804\/revisions\/813"}],"wp:featuredmedia":[{"embeddable":true,"href":"http:\/\/ssreyescmenorca.com\/index.php?rest_route=\/wp\/v2\/media\/809"}],"wp:attachment":[{"href":"http:\/\/ssreyescmenorca.com\/index.php?rest_route=%2Fwp%2Fv2%2Fmedia&parent=804"}],"wp:term":[{"taxonomy":"category","embeddable":true,"href":"http:\/\/ssreyescmenorca.com\/index.php?rest_route=%2Fwp%2Fv2%2Fcategories&post=804"},{"taxonomy":"post_tag","embeddable":true,"href":"http:\/\/ssreyescmenorca.com\/index.php?rest_route=%2Fwp%2Fv2%2Ftags&post=804"}],"curies":[{"name":"wp","href":"https:\/\/api.w.org\/{rel}","templated":true}]}}