{"id":785,"date":"2022-10-04T09:20:06","date_gmt":"2022-10-04T09:20:06","guid":{"rendered":"http:\/\/ssreyescmenorca.com\/?p=785"},"modified":"2022-10-04T09:22:54","modified_gmt":"2022-10-04T09:22:54","slug":"carreras-02-10-2022","status":"publish","type":"post","link":"http:\/\/ssreyescmenorca.com\/?p=785","title":{"rendered":"Cross Rector, Carrera El Ca\u00f1averal y Marat\u00f3n de Logro\u00f1o"},"content":{"rendered":"\n<p>Este pasado s\u00e1bado se disput\u00f3 el <strong>IX Cross Rector UFV<\/strong> (la 3\u00aa Prueba  del Circuito Universitario de Cross de Madrid 2022-2023) con una distancia de 5.000 m. <strong>Javier Mart\u00edn<\/strong> cruz\u00f3 el arco de meta en un gran 2\u00ba puesto (20:29) seguido de <strong>Marcos O\u00f1ate <\/strong>4\u00ba (<strong>20:38<\/strong>), <strong>Fernando Fern\u00e1ndez<\/strong> 13\u00ba (<strong>21:26<\/strong>) y <strong>Daniel Moreno<\/strong> 14\u00ba (<strong>21:27<\/strong>).Carrera que de seguro les servir\u00e1 de cara al Cto de Madrid de Cross de pr\u00f3ximo d\u00eda 30.<\/p>\n\n\n\n<p>Un d\u00eda despu\u00e9s se estren\u00f3 la <strong>I Carrera Popular El Ca\u00f1averal<\/strong>, ubicada en el distrito de Vic\u00e1lvaro. <strong>Gaizka Iglesias<\/strong> entr\u00f3 en 2\u00aa posici\u00f3n absoluta (<strong>34:40<\/strong>) por delante de su compa\u00f1ero <strong>\u00d3scar Ayllon<\/strong> que cerr\u00f3 el p\u00f3dium en su categor\u00eda (<strong>37:07<\/strong>).<\/p>\n\n\n\n<figure class=\"wp-block-gallery has-nested-images columns-default is-cropped wp-block-gallery-1 is-layout-flex wp-block-gallery-is-layout-flex\">\n<figure class=\"wp-block-image size-large\"><img loading=\"lazy\" decoding=\"async\" width=\"561\" height=\"619\" data-id=\"786\" src=\"http:\/\/ssreyescmenorca.com\/wp-content\/uploads\/2022\/10\/oscar.png\" alt=\"\" class=\"wp-image-786\" srcset=\"http:\/\/ssreyescmenorca.com\/wp-content\/uploads\/2022\/10\/oscar.png 561w, http:\/\/ssreyescmenorca.com\/wp-content\/uploads\/2022\/10\/oscar-272x300.png 272w\" sizes=\"auto, (max-width: 561px) 100vw, 561px\" \/><\/figure>\n\n\n\n<figure class=\"wp-block-image size-large\"><img loading=\"lazy\" decoding=\"async\" width=\"531\" height=\"621\" data-id=\"787\" src=\"http:\/\/ssreyescmenorca.com\/wp-content\/uploads\/2022\/10\/podium-oscar.png\" alt=\"\" class=\"wp-image-787\" srcset=\"http:\/\/ssreyescmenorca.com\/wp-content\/uploads\/2022\/10\/podium-oscar.png 531w, http:\/\/ssreyescmenorca.com\/wp-content\/uploads\/2022\/10\/podium-oscar-257x300.png 257w\" sizes=\"auto, (max-width: 531px) 100vw, 531px\" \/><\/figure>\n<\/figure>\n\n\n\n<p>El<strong> Marat\u00f3n Ciudad de Logro\u00f1o<\/strong> volvi\u00f3 a las calles para llenarlas de colorido y reunir a m\u00e1s de 400 corredores en la prueba reina, entre los que se encontraba <strong>Laura Su\u00e1rez<\/strong> qui\u00e9n logr\u00f3 cubrir los 42.195 metros finalizando como tercera mujer e invirtiendo un tiempo de <strong>3 horas 15 minutos y 21 segundos<\/strong>.<\/p>\n\n\n\n<figure class=\"wp-block-gallery has-nested-images columns-default is-cropped wp-block-gallery-2 is-layout-flex wp-block-gallery-is-layout-flex\">\n<figure class=\"wp-block-image size-large\"><img loading=\"lazy\" decoding=\"async\" width=\"507\" height=\"485\" data-id=\"788\" src=\"http:\/\/ssreyescmenorca.com\/wp-content\/uploads\/2022\/10\/laur.png\" alt=\"\" class=\"wp-image-788\" srcset=\"http:\/\/ssreyescmenorca.com\/wp-content\/uploads\/2022\/10\/laur.png 507w, http:\/\/ssreyescmenorca.com\/wp-content\/uploads\/2022\/10\/laur-300x287.png 300w\" sizes=\"auto, (max-width: 507px) 100vw, 507px\" \/><\/figure>\n\n\n\n<figure class=\"wp-block-image size-large\"><img loading=\"lazy\" decoding=\"async\" width=\"417\" height=\"443\" data-id=\"789\" src=\"http:\/\/ssreyescmenorca.com\/wp-content\/uploads\/2022\/10\/pedro.png\" alt=\"\" class=\"wp-image-789\" srcset=\"http:\/\/ssreyescmenorca.com\/wp-content\/uploads\/2022\/10\/pedro.png 417w, http:\/\/ssreyescmenorca.com\/wp-content\/uploads\/2022\/10\/pedro-282x300.png 282w\" sizes=\"auto, (max-width: 417px) 100vw, 417px\" \/><\/figure>\n<\/figure>\n\n\n\n<p>Por \u00faltimo, hacer menci\u00f3n a <strong>Pedro Llorente<\/strong> que volvi\u00f3 a la competici\u00f3n en el <strong>10K Ciudad Lineal.<\/strong><\/p>\n","protected":false},"excerpt":{"rendered":"<p>Este pasado s\u00e1bado se disput\u00f3 el IX Cross Rector UFV (la 3\u00aa Prueba del Circuito Universitario de Cross de Madrid 2022-2023) con una distancia de 5.000 m. Javier Mart\u00edn cruz\u00f3 el arco de meta en un gran 2\u00ba puesto (20:29) seguido de Marcos O\u00f1ate 4\u00ba (20:38), Fernando Fern\u00e1ndez 13\u00ba (21:26) y Daniel Moreno 14\u00ba (21:27).Carrera&hellip; <a class=\"more-link\" href=\"http:\/\/ssreyescmenorca.com\/?p=785\">Seguir leyendo <span class=\"screen-reader-text\">Cross Rector, Carrera El Ca\u00f1averal y Marat\u00f3n de Logro\u00f1o<\/span><\/a><\/p>\n","protected":false},"author":3,"featured_media":790,"comment_status":"open","ping_status":"open","sticky":false,"template":"","format":"standard","meta":{"footnotes":""},"categories":[3],"tags":[],"class_list":["post-785","post","type-post","status-publish","format-standard","has-post-thumbnail","hentry","category-noticias","entry"],"_links":{"self":[{"href":"http:\/\/ssreyescmenorca.com\/index.php?rest_route=\/wp\/v2\/posts\/785","targetHints":{"allow":["GET"]}}],"collection":[{"href":"http:\/\/ssreyescmenorca.com\/index.php?rest_route=\/wp\/v2\/posts"}],"about":[{"href":"http:\/\/ssreyescmenorca.com\/index.php?rest_route=\/wp\/v2\/types\/post"}],"author":[{"embeddable":true,"href":"http:\/\/ssreyescmenorca.com\/index.php?rest_route=\/wp\/v2\/users\/3"}],"replies":[{"embeddable":true,"href":"http:\/\/ssreyescmenorca.com\/index.php?rest_route=%2Fwp%2Fv2%2Fcomments&post=785"}],"version-history":[{"count":5,"href":"http:\/\/ssreyescmenorca.com\/index.php?rest_route=\/wp\/v2\/posts\/785\/revisions"}],"predecessor-version":[{"id":796,"href":"http:\/\/ssreyescmenorca.com\/index.php?rest_route=\/wp\/v2\/posts\/785\/revisions\/796"}],"wp:featuredmedia":[{"embeddable":true,"href":"http:\/\/ssreyescmenorca.com\/index.php?rest_route=\/wp\/v2\/media\/790"}],"wp:attachment":[{"href":"http:\/\/ssreyescmenorca.com\/index.php?rest_route=%2Fwp%2Fv2%2Fmedia&parent=785"}],"wp:term":[{"taxonomy":"category","embeddable":true,"href":"http:\/\/ssreyescmenorca.com\/index.php?rest_route=%2Fwp%2Fv2%2Fcategories&post=785"},{"taxonomy":"post_tag","embeddable":true,"href":"http:\/\/ssreyescmenorca.com\/index.php?rest_route=%2Fwp%2Fv2%2Ftags&post=785"}],"curies":[{"name":"wp","href":"https:\/\/api.w.org\/{rel}","templated":true}]}}