{"id":743,"date":"2022-09-27T16:27:09","date_gmt":"2022-09-27T16:27:09","guid":{"rendered":"http:\/\/ssreyescmenorca.com\/?p=743"},"modified":"2022-09-27T16:38:00","modified_gmt":"2022-09-27T16:38:00","slug":"mm-soria-cross-comillas-carrera-popular-de-tetuan-y-mas","status":"publish","type":"post","link":"http:\/\/ssreyescmenorca.com\/?p=743","title":{"rendered":"MM Soria, Cross Comillas, Carrera Popular de Tetu\u00e1n y m\u00e1s"},"content":{"rendered":"\n<p>Este pasado s\u00e1bado la <strong>Media Marat\u00f3n Abel Ant\u00f3n<\/strong> volvi\u00f3 a llenar el centro de la ciudad de Soria con cerca de 400 personas, entre las que se encontraba nuestra incombustible atleta <strong>Cristina Giurcanu <\/strong>que logr\u00f3 el 2\u00ba puesto femenino y 1\u00aa en su categor\u00eda con una sobresaliente marca de <strong>1h:20:38.<\/strong><\/p>\n\n\n\n<figure class=\"wp-block-gallery has-nested-images columns-default is-cropped wp-block-gallery-1 is-layout-flex wp-block-gallery-is-layout-flex\">\n<figure class=\"wp-block-image size-large\"><img loading=\"lazy\" decoding=\"async\" width=\"440\" height=\"631\" data-id=\"755\" src=\"http:\/\/ssreyescmenorca.com\/wp-content\/uploads\/2022\/09\/cris-2.png\" alt=\"\" class=\"wp-image-755\" srcset=\"http:\/\/ssreyescmenorca.com\/wp-content\/uploads\/2022\/09\/cris-2.png 440w, http:\/\/ssreyescmenorca.com\/wp-content\/uploads\/2022\/09\/cris-2-209x300.png 209w\" sizes=\"auto, (max-width: 440px) 100vw, 440px\" \/><\/figure>\n\n\n\n<figure class=\"wp-block-image size-full\"><img loading=\"lazy\" decoding=\"async\" width=\"300\" height=\"444\" data-id=\"758\" src=\"http:\/\/ssreyescmenorca.com\/wp-content\/uploads\/2022\/09\/cristi-1.png\" alt=\"\" class=\"wp-image-758\" srcset=\"http:\/\/ssreyescmenorca.com\/wp-content\/uploads\/2022\/09\/cristi-1.png 300w, http:\/\/ssreyescmenorca.com\/wp-content\/uploads\/2022\/09\/cristi-1-203x300.png 203w\" sizes=\"auto, (max-width: 300px) 100vw, 300px\" \/><\/figure>\n<\/figure>\n\n\n\n<p>Esa misma ma\u00f1ana despejadaComillas Comunidad organiz\u00f3 un <strong>Cross Universitario Solidario <\/strong>que dio comienzo a las 12h en el Campus de Cantoblanco. <strong>Santiago Fern\u00e1ndez<\/strong> &nbsp;se impuso en un tiempo de <strong>18:23 <\/strong>para proclamarse campe\u00f3n absoluto por delante de <strong>Marcos O\u00f1ate<\/strong> 8\u00ba (<strong>19:29<\/strong>), <strong>Javier Mart\u00edn<\/strong> 10\u00ba (<strong>19:48<\/strong>) y <strong>Fernando Fern\u00e1ndez <\/strong>(<strong>21:46<\/strong>).<\/p>\n\n\n\n<figure class=\"wp-block-gallery has-nested-images columns-default is-cropped wp-block-gallery-2 is-layout-flex wp-block-gallery-is-layout-flex\">\n<figure class=\"wp-block-image size-large\"><img loading=\"lazy\" decoding=\"async\" width=\"293\" height=\"421\" data-id=\"749\" src=\"http:\/\/ssreyescmenorca.com\/wp-content\/uploads\/2022\/09\/santiago-1.png\" alt=\"\" class=\"wp-image-749\" srcset=\"http:\/\/ssreyescmenorca.com\/wp-content\/uploads\/2022\/09\/santiago-1.png 293w, http:\/\/ssreyescmenorca.com\/wp-content\/uploads\/2022\/09\/santiago-1-209x300.png 209w\" sizes=\"auto, (max-width: 293px) 100vw, 293px\" \/><\/figure>\n\n\n\n<figure class=\"wp-block-image size-large\"><img loading=\"lazy\" decoding=\"async\" width=\"438\" height=\"364\" data-id=\"748\" src=\"http:\/\/ssreyescmenorca.com\/wp-content\/uploads\/2022\/09\/santisgo-y-fernando-1.png\" alt=\"\" class=\"wp-image-748\" srcset=\"http:\/\/ssreyescmenorca.com\/wp-content\/uploads\/2022\/09\/santisgo-y-fernando-1.png 438w, http:\/\/ssreyescmenorca.com\/wp-content\/uploads\/2022\/09\/santisgo-y-fernando-1-300x249.png 300w\" sizes=\"auto, (max-width: 438px) 100vw, 438px\" \/><\/figure>\n<\/figure>\n\n\n\n<p>Pero esa no ser\u00eda la \u00fanica prueba que coronar\u00eda <strong>Santiago,<\/strong> ya que esa misma tarde fue el m\u00e1s r\u00e1pido en cruzar la meta de la <strong>XLI Pedestre Popular de Guadarrama <\/strong>sobre 8 kil\u00f3metros que cubri\u00f3 en <strong>24:06<\/strong>, seguido de cerca por su hermano <strong>Fernando Fern\u00e1ndez<\/strong> que cerr\u00f3 el podio (<strong>24:56<\/strong>).<\/p>\n\n\n\n<figure class=\"wp-block-gallery has-nested-images columns-default is-cropped wp-block-gallery-3 is-layout-flex wp-block-gallery-is-layout-flex\"><\/figure>\n\n\n\n<p>Continuando con el fin de semana, se celebr\u00f3 la <strong>XIV edici\u00f3n de la carrera popular de Tetu\u00e1n <\/strong>con pistoletazo de salida a las 9:00 am y un recorrido que tomaba la calle de Bravo Murillo. <strong>Daniel Alcal\u00e1 Casas<\/strong> entr\u00f3 como subcampe\u00f3n de la carrera en <strong>35 minutos y 5 segundos<\/strong>, en la que tambi\u00e9n participaron <strong>Pedro Sanz<\/strong> (<strong>40:37<\/strong>) y <strong>Manuel Carnerero<\/strong> (<strong>42:21<\/strong>).<\/p>\n\n\n<div class=\"wp-block-image\">\n<figure class=\"aligncenter size-full is-resized\"><img loading=\"lazy\" decoding=\"async\" src=\"http:\/\/ssreyescmenorca.com\/wp-content\/uploads\/2022\/09\/Dani.png\" alt=\"\" class=\"wp-image-750\" width=\"481\" height=\"531\" srcset=\"http:\/\/ssreyescmenorca.com\/wp-content\/uploads\/2022\/09\/Dani.png 573w, http:\/\/ssreyescmenorca.com\/wp-content\/uploads\/2022\/09\/Dani-272x300.png 272w\" sizes=\"auto, (max-width: 481px) 100vw, 481px\" \/><\/figure>\n<\/div>\n\n\n<p>Para finalizar, cerca de all\u00ed dio lugar la <strong>TotalEnergies Milla de Madrid <\/strong>que llev\u00f3 esta cl\u00e1sica distancia (1.609 metros) hasta la capital en un circuito rapid\u00edsimo en la calle Serrano. <strong>Rebecca Brassington <\/strong>consigui\u00f3 ser la segunda mujer absoluta (<strong>05:15)<\/strong>, all\u00ed tambi\u00e9n se citaron <strong>Juan Mart\u00ednez Vergara (05:22), \u00c1ngel Lebrero Su\u00e1rez (05:33) y Alexis Iv\u00e1n Meza (05:40)<\/strong>.<\/p>\n\n\n\n<figure class=\"wp-block-gallery has-nested-images columns-default is-cropped wp-block-gallery-4 is-layout-flex wp-block-gallery-is-layout-flex\">\n<figure class=\"wp-block-image size-large\"><img loading=\"lazy\" decoding=\"async\" width=\"434\" height=\"570\" data-id=\"744\" src=\"http:\/\/ssreyescmenorca.com\/wp-content\/uploads\/2022\/09\/beca.png\" alt=\"\" class=\"wp-image-744\" srcset=\"http:\/\/ssreyescmenorca.com\/wp-content\/uploads\/2022\/09\/beca.png 434w, http:\/\/ssreyescmenorca.com\/wp-content\/uploads\/2022\/09\/beca-228x300.png 228w\" sizes=\"auto, (max-width: 434px) 100vw, 434px\" \/><\/figure>\n\n\n\n<figure class=\"wp-block-image size-large\"><img loading=\"lazy\" decoding=\"async\" width=\"634\" height=\"645\" data-id=\"745\" src=\"http:\/\/ssreyescmenorca.com\/wp-content\/uploads\/2022\/09\/milla.png\" alt=\"\" class=\"wp-image-745\" srcset=\"http:\/\/ssreyescmenorca.com\/wp-content\/uploads\/2022\/09\/milla.png 634w, http:\/\/ssreyescmenorca.com\/wp-content\/uploads\/2022\/09\/milla-295x300.png 295w, http:\/\/ssreyescmenorca.com\/wp-content\/uploads\/2022\/09\/milla-600x610.png 600w\" sizes=\"auto, (max-width: 634px) 100vw, 634px\" \/><\/figure>\n<\/figure>\n","protected":false},"excerpt":{"rendered":"<p>Este pasado s\u00e1bado la Media Marat\u00f3n Abel Ant\u00f3n volvi\u00f3 a llenar el centro de la ciudad de Soria con cerca de 400 personas, entre las que se encontraba nuestra incombustible atleta Cristina Giurcanu que logr\u00f3 el 2\u00ba puesto femenino y 1\u00aa en su categor\u00eda con una sobresaliente marca de 1h:20:38. Esa misma ma\u00f1ana despejadaComillas Comunidad&hellip; <a class=\"more-link\" href=\"http:\/\/ssreyescmenorca.com\/?p=743\">Seguir leyendo <span class=\"screen-reader-text\">MM Soria, Cross Comillas, Carrera Popular de Tetu\u00e1n y m\u00e1s<\/span><\/a><\/p>\n","protected":false},"author":3,"featured_media":761,"comment_status":"open","ping_status":"open","sticky":false,"template":"","format":"standard","meta":{"footnotes":""},"categories":[3],"tags":[],"class_list":["post-743","post","type-post","status-publish","format-standard","has-post-thumbnail","hentry","category-noticias","entry"],"_links":{"self":[{"href":"http:\/\/ssreyescmenorca.com\/index.php?rest_route=\/wp\/v2\/posts\/743","targetHints":{"allow":["GET"]}}],"collection":[{"href":"http:\/\/ssreyescmenorca.com\/index.php?rest_route=\/wp\/v2\/posts"}],"about":[{"href":"http:\/\/ssreyescmenorca.com\/index.php?rest_route=\/wp\/v2\/types\/post"}],"author":[{"embeddable":true,"href":"http:\/\/ssreyescmenorca.com\/index.php?rest_route=\/wp\/v2\/users\/3"}],"replies":[{"embeddable":true,"href":"http:\/\/ssreyescmenorca.com\/index.php?rest_route=%2Fwp%2Fv2%2Fcomments&post=743"}],"version-history":[{"count":2,"href":"http:\/\/ssreyescmenorca.com\/index.php?rest_route=\/wp\/v2\/posts\/743\/revisions"}],"predecessor-version":[{"id":760,"href":"http:\/\/ssreyescmenorca.com\/index.php?rest_route=\/wp\/v2\/posts\/743\/revisions\/760"}],"wp:featuredmedia":[{"embeddable":true,"href":"http:\/\/ssreyescmenorca.com\/index.php?rest_route=\/wp\/v2\/media\/761"}],"wp:attachment":[{"href":"http:\/\/ssreyescmenorca.com\/index.php?rest_route=%2Fwp%2Fv2%2Fmedia&parent=743"}],"wp:term":[{"taxonomy":"category","embeddable":true,"href":"http:\/\/ssreyescmenorca.com\/index.php?rest_route=%2Fwp%2Fv2%2Fcategories&post=743"},{"taxonomy":"post_tag","embeddable":true,"href":"http:\/\/ssreyescmenorca.com\/index.php?rest_route=%2Fwp%2Fv2%2Ftags&post=743"}],"curies":[{"name":"wp","href":"https:\/\/api.w.org\/{rel}","templated":true}]}}