{"id":471,"date":"2022-09-20T14:39:15","date_gmt":"2022-09-20T14:39:15","guid":{"rendered":"http:\/\/ssreyescmenorca.com\/?p=471"},"modified":"2022-09-20T14:47:18","modified_gmt":"2022-09-20T14:47:18","slug":"corre-por-madrid-y-carrera-nocturna-tres-cantos","status":"publish","type":"post","link":"http:\/\/ssreyescmenorca.com\/?p=471","title":{"rendered":"Corre por Madrid y Carrera nocturna Tres Cantos"},"content":{"rendered":"\n<p>Inicia la nueva campa\u00f1a con ilusi\u00f3n renovada y ganas de mejorar la gran temporada anterior.<\/p>\n\n\n\n<p>La carrera <strong>Madrid corre por Madrid<\/strong> estren\u00f3 recorrido en su decimocuarta edici\u00f3n. Casi 9.000 corredores se reunieron este pasado domingo a las 9:00 h. en la plaza de Cuzco, lugar de la salida, para cubrir un circuito de 10 kil\u00f3metros con desnivel favorable que atravesaba los principales ejes de la capital. <strong>Javier Mart\u00ednez <\/strong>entr\u00f3 en la cuarta plaza <strong>(30:34) <\/strong>seguido de <strong>Sergio Salinero Miguel <\/strong>7\u00ba<strong> (30:55),<\/strong> <strong>David Mart\u00ednez <\/strong>8\u00ba (<strong>30:56)<\/strong>, <strong>Juan Carlos Monta <\/strong>18\u00ba <strong>(32:43), Jes\u00fas Morante (34:34), Juan P\u00e9rez (34:48), David Rodr\u00edguez (36:29), Alejandro S\u00e1nchez (36:54), Francisco Jes\u00fas Arroyo (37:10), Ra\u00fal Rodr\u00edguez (37:12)<\/strong>, <strong>Roberto Rodr\u00edguez (37:50),<\/strong> <strong>\u00c1ngel Lebrero (39:25), Alejandra S\u00e1nchez (39:25), Mar\u00eda Jes\u00fas V\u00e1zquez (40:47), David \u00c1vila (41:51) <\/strong>y<strong> Ignacio Garc\u00eda De Vinuesa (41:54) <\/strong>entre otros.<\/p>\n\n\n<div class=\"wp-block-image\">\n<figure class=\"aligncenter size-large is-resized\"><img loading=\"lazy\" decoding=\"async\" src=\"http:\/\/ssreyescmenorca.com\/wp-content\/uploads\/2022\/09\/p-1024x489.png\" alt=\"\" class=\"wp-image-472\" width=\"754\" height=\"360\" srcset=\"http:\/\/ssreyescmenorca.com\/wp-content\/uploads\/2022\/09\/p-1024x489.png 1024w, http:\/\/ssreyescmenorca.com\/wp-content\/uploads\/2022\/09\/p-600x287.png 600w, http:\/\/ssreyescmenorca.com\/wp-content\/uploads\/2022\/09\/p-300x143.png 300w, http:\/\/ssreyescmenorca.com\/wp-content\/uploads\/2022\/09\/p-768x367.png 768w, http:\/\/ssreyescmenorca.com\/wp-content\/uploads\/2022\/09\/p-1536x734.png 1536w, http:\/\/ssreyescmenorca.com\/wp-content\/uploads\/2022\/09\/p-1568x750.png 1568w, http:\/\/ssreyescmenorca.com\/wp-content\/uploads\/2022\/09\/p.png 1659w\" sizes=\"auto, (max-width: 754px) 100vw, 754px\" \/><\/figure>\n<\/div>\n\n\n<p class=\"has-black-color has-text-color\">Un d\u00eda antes, d\u00eda 17 se celebr\u00f3 la cuarta edici\u00f3n de la <strong>Carrera Nocturna de Tres Cantos<\/strong> organizada por la Concejal\u00eda de Deportes del Ayuntamiento de Tres Cantos y con un recorrido urbano de 8 km. aproximadamente. Nuestro joven atleta <strong>Javier Mart\u00edn <\/strong>logr\u00f3 cruzar el arco de meta como 2\u00ba general y 1\u00ba de su categor\u00eda en un tiempo de <strong>27\u00b426\u00b4\u00b4.<\/strong><\/p>\n\n\n<div class=\"wp-block-image\">\n<figure class=\"aligncenter size-full\"><img loading=\"lazy\" decoding=\"async\" width=\"795\" height=\"775\" src=\"http:\/\/ssreyescmenorca.com\/wp-content\/uploads\/2022\/09\/javi.png\" alt=\"\" class=\"wp-image-476\" srcset=\"http:\/\/ssreyescmenorca.com\/wp-content\/uploads\/2022\/09\/javi.png 795w, http:\/\/ssreyescmenorca.com\/wp-content\/uploads\/2022\/09\/javi-600x585.png 600w, http:\/\/ssreyescmenorca.com\/wp-content\/uploads\/2022\/09\/javi-300x292.png 300w, http:\/\/ssreyescmenorca.com\/wp-content\/uploads\/2022\/09\/javi-768x749.png 768w\" sizes=\"auto, (max-width: 795px) 100vw, 795px\" \/><\/figure>\n<\/div>","protected":false},"excerpt":{"rendered":"<p>Inicia la nueva campa\u00f1a con ilusi\u00f3n renovada y ganas de mejorar la gran temporada anterior. La carrera Madrid corre por Madrid estren\u00f3 recorrido en su decimocuarta edici\u00f3n. Casi 9.000 corredores se reunieron este pasado domingo a las 9:00 h. en la plaza de Cuzco, lugar de la salida, para cubrir un circuito de 10 kil\u00f3metros&hellip; <a class=\"more-link\" href=\"http:\/\/ssreyescmenorca.com\/?p=471\">Seguir leyendo <span class=\"screen-reader-text\">Corre por Madrid y Carrera nocturna Tres Cantos<\/span><\/a><\/p>\n","protected":false},"author":3,"featured_media":473,"comment_status":"open","ping_status":"open","sticky":false,"template":"","format":"standard","meta":{"footnotes":""},"categories":[3],"tags":[],"class_list":["post-471","post","type-post","status-publish","format-standard","has-post-thumbnail","hentry","category-noticias","entry"],"_links":{"self":[{"href":"http:\/\/ssreyescmenorca.com\/index.php?rest_route=\/wp\/v2\/posts\/471","targetHints":{"allow":["GET"]}}],"collection":[{"href":"http:\/\/ssreyescmenorca.com\/index.php?rest_route=\/wp\/v2\/posts"}],"about":[{"href":"http:\/\/ssreyescmenorca.com\/index.php?rest_route=\/wp\/v2\/types\/post"}],"author":[{"embeddable":true,"href":"http:\/\/ssreyescmenorca.com\/index.php?rest_route=\/wp\/v2\/users\/3"}],"replies":[{"embeddable":true,"href":"http:\/\/ssreyescmenorca.com\/index.php?rest_route=%2Fwp%2Fv2%2Fcomments&post=471"}],"version-history":[{"count":2,"href":"http:\/\/ssreyescmenorca.com\/index.php?rest_route=\/wp\/v2\/posts\/471\/revisions"}],"predecessor-version":[{"id":477,"href":"http:\/\/ssreyescmenorca.com\/index.php?rest_route=\/wp\/v2\/posts\/471\/revisions\/477"}],"wp:featuredmedia":[{"embeddable":true,"href":"http:\/\/ssreyescmenorca.com\/index.php?rest_route=\/wp\/v2\/media\/473"}],"wp:attachment":[{"href":"http:\/\/ssreyescmenorca.com\/index.php?rest_route=%2Fwp%2Fv2%2Fmedia&parent=471"}],"wp:term":[{"taxonomy":"category","embeddable":true,"href":"http:\/\/ssreyescmenorca.com\/index.php?rest_route=%2Fwp%2Fv2%2Fcategories&post=471"},{"taxonomy":"post_tag","embeddable":true,"href":"http:\/\/ssreyescmenorca.com\/index.php?rest_route=%2Fwp%2Fv2%2Ftags&post=471"}],"curies":[{"name":"wp","href":"https:\/\/api.w.org\/{rel}","templated":true}]}}