{"id":3510,"date":"2026-04-26T09:19:16","date_gmt":"2026-04-26T09:19:16","guid":{"rendered":"https:\/\/ssreyescmenorca.com\/?p=3510"},"modified":"2026-04-26T09:19:17","modified_gmt":"2026-04-26T09:19:17","slug":"copa-de-europa-de-triatlon-junior","status":"publish","type":"post","link":"http:\/\/ssreyescmenorca.com\/?p=3510","title":{"rendered":"Copa de Europa de Triatl\u00f3n Junior"},"content":{"rendered":"\n<p><strong>\u00c1lvaro Llinares, 9\u00ba en la Copa de Europa de Triatl\u00f3n Junior en Torremolinos<\/strong><\/p>\n\n\n\n<p>El atleta del Club de Atletismo San Sebasti\u00e1n de los Reyes, \u00c1lvaro Llinares, ha logrado una destacada novena posici\u00f3n en la Copa de Europa de Triatl\u00f3n, celebrada este fin de semana en Torremolinos, compitiendo en la categor\u00eda junior.<\/p>\n\n\n\n<p>En una prueba de alt\u00edsimo nivel, que reuni\u00f3 a algunos de los mejores triatletas j\u00f3venes del panorama europeo, Llinares firm\u00f3 una actuaci\u00f3n muy s\u00f3lida en los tres segmentos \u2014nataci\u00f3n, ciclismo y carrera a pie\u2014, manteni\u00e9ndose siempre en posiciones competitivas.<\/p>\n\n\n\n<p>Desde el Club de Atletismo San Sebasti\u00e1n de los Reyes queremos felicitar a \u00c1lvaro por su esfuerzo, compromiso y excelente rendimiento, que son un orgullo para toda la entidad.<\/p>\n\n\n\n<figure class=\"wp-block-image size-large\"><img loading=\"lazy\" decoding=\"async\" width=\"1024\" height=\"683\" src=\"https:\/\/ssreyescmenorca.com\/wp-content\/uploads\/2026\/04\/WhatsApp-Image-2026-04-25-at-18.20.34-1-1024x683.jpeg\" alt=\"\" class=\"wp-image-3513\" srcset=\"http:\/\/ssreyescmenorca.com\/wp-content\/uploads\/2026\/04\/WhatsApp-Image-2026-04-25-at-18.20.34-1-1024x683.jpeg 1024w, http:\/\/ssreyescmenorca.com\/wp-content\/uploads\/2026\/04\/WhatsApp-Image-2026-04-25-at-18.20.34-1-300x200.jpeg 300w, http:\/\/ssreyescmenorca.com\/wp-content\/uploads\/2026\/04\/WhatsApp-Image-2026-04-25-at-18.20.34-1-768x512.jpeg 768w, http:\/\/ssreyescmenorca.com\/wp-content\/uploads\/2026\/04\/WhatsApp-Image-2026-04-25-at-18.20.34-1-600x400.jpeg 600w, http:\/\/ssreyescmenorca.com\/wp-content\/uploads\/2026\/04\/WhatsApp-Image-2026-04-25-at-18.20.34-1.jpeg 1500w\" sizes=\"auto, (max-width: 1024px) 100vw, 1024px\" \/><\/figure>\n","protected":false},"excerpt":{"rendered":"<p>\u00c1lvaro Llinares, 9\u00ba en la Copa de Europa de Triatl\u00f3n Junior en Torremolinos El atleta del Club de Atletismo San Sebasti\u00e1n de los Reyes, \u00c1lvaro Llinares, ha logrado una destacada novena posici\u00f3n en la Copa de Europa de Triatl\u00f3n, celebrada este fin de semana en Torremolinos, compitiendo en la categor\u00eda junior. En una prueba de&hellip; <a class=\"more-link\" href=\"http:\/\/ssreyescmenorca.com\/?p=3510\">Seguir leyendo <span class=\"screen-reader-text\">Copa de Europa de Triatl\u00f3n Junior<\/span><\/a><\/p>\n","protected":false},"author":2,"featured_media":3511,"comment_status":"open","ping_status":"open","sticky":false,"template":"","format":"standard","meta":{"footnotes":""},"categories":[3],"tags":[],"class_list":["post-3510","post","type-post","status-publish","format-standard","has-post-thumbnail","hentry","category-noticias","entry"],"_links":{"self":[{"href":"http:\/\/ssreyescmenorca.com\/index.php?rest_route=\/wp\/v2\/posts\/3510","targetHints":{"allow":["GET"]}}],"collection":[{"href":"http:\/\/ssreyescmenorca.com\/index.php?rest_route=\/wp\/v2\/posts"}],"about":[{"href":"http:\/\/ssreyescmenorca.com\/index.php?rest_route=\/wp\/v2\/types\/post"}],"author":[{"embeddable":true,"href":"http:\/\/ssreyescmenorca.com\/index.php?rest_route=\/wp\/v2\/users\/2"}],"replies":[{"embeddable":true,"href":"http:\/\/ssreyescmenorca.com\/index.php?rest_route=%2Fwp%2Fv2%2Fcomments&post=3510"}],"version-history":[{"count":1,"href":"http:\/\/ssreyescmenorca.com\/index.php?rest_route=\/wp\/v2\/posts\/3510\/revisions"}],"predecessor-version":[{"id":3514,"href":"http:\/\/ssreyescmenorca.com\/index.php?rest_route=\/wp\/v2\/posts\/3510\/revisions\/3514"}],"wp:featuredmedia":[{"embeddable":true,"href":"http:\/\/ssreyescmenorca.com\/index.php?rest_route=\/wp\/v2\/media\/3511"}],"wp:attachment":[{"href":"http:\/\/ssreyescmenorca.com\/index.php?rest_route=%2Fwp%2Fv2%2Fmedia&parent=3510"}],"wp:term":[{"taxonomy":"category","embeddable":true,"href":"http:\/\/ssreyescmenorca.com\/index.php?rest_route=%2Fwp%2Fv2%2Fcategories&post=3510"},{"taxonomy":"post_tag","embeddable":true,"href":"http:\/\/ssreyescmenorca.com\/index.php?rest_route=%2Fwp%2Fv2%2Ftags&post=3510"}],"curies":[{"name":"wp","href":"https:\/\/api.w.org\/{rel}","templated":true}]}}