{"id":3500,"date":"2026-04-20T16:56:12","date_gmt":"2026-04-20T16:56:12","guid":{"rendered":"https:\/\/ssreyescmenorca.com\/?p=3500"},"modified":"2026-04-20T16:56:13","modified_gmt":"2026-04-20T16:56:13","slug":"xxiii-edicion-del-10k-villa-de-laredo-xiii-edicion-de-la-carrera-madrid-en-marcha-contra-el-cancer-10k-san-fernando-y-xv-edicion-del-cross-popular-san-blasillo","status":"publish","type":"post","link":"http:\/\/ssreyescmenorca.com\/?p=3500","title":{"rendered":"XXIII edici\u00f3n del 10K Villa de Laredo, XIII edici\u00f3n de la Carrera Madrid en Marcha Contra el C\u00e1ncer, 10K San Fernando y XV edici\u00f3n del Cross Popular San Blasillo"},"content":{"rendered":"\n<p><br>Este pasado s\u00e1bado 18 de abril se disput\u00f3 la <strong>XXIII edici\u00f3n del 10K Villa de Laredo<\/strong>, una de las pruebas de 10 kil\u00f3metros m\u00e1s r\u00e1pidas del continente. La carrera, integrada en el calendario de la Real Federaci\u00f3n Espa\u00f1ola de Atletismo, la Federaci\u00f3n C\u00e1ntabra y el circuito internacional de World Athletics, atrajo a un gran cartel de atletas de primer nivel, muchos de ellos en busca de m\u00ednimas internacionales o r\u00e9cords personales en su r\u00e1pido recorrido. Entre las destacadas estuvo <strong>Leire Castrej\u00f3n<\/strong>, que se proclam\u00f3 vencedora en la categor\u00eda femenina, demostrando su gran nivel. En la prueba paralela, <strong>Marcos O\u00f1ate <\/strong>logr\u00f3 una excelente marca personal gracias al esfuerzo diario de entrenamiento, seguido de <strong>Javier Mart\u00edn<\/strong>, que tambi\u00e9n mejor\u00f3 su mejor marca personal (MMP).<\/p>\n\n\n\n<figure class=\"wp-block-image size-full\"><img loading=\"lazy\" decoding=\"async\" width=\"473\" height=\"339\" src=\"https:\/\/ssreyescmenorca.com\/wp-content\/uploads\/2026\/04\/Captura-de-pantalla-2026-04-20-165705.png\" alt=\"\" class=\"wp-image-3501\" srcset=\"http:\/\/ssreyescmenorca.com\/wp-content\/uploads\/2026\/04\/Captura-de-pantalla-2026-04-20-165705.png 473w, http:\/\/ssreyescmenorca.com\/wp-content\/uploads\/2026\/04\/Captura-de-pantalla-2026-04-20-165705-300x215.png 300w\" sizes=\"auto, (max-width: 473px) 100vw, 473px\" \/><\/figure>\n\n\n\n<p><br>Al d\u00eda siguiente, el domingo 19, Madrid se ti\u00f1\u00f3 de verde y solidaridad con la <strong>XIII edici\u00f3n de la Carrera Madrid en Marcha Contra el C\u00e1ncer<\/strong>, organizada por la Asociaci\u00f3n Espa\u00f1ola Contra el C\u00e1ncer (AECC). La prueba cont\u00f3 con dos distancias (10 km y 4,5 km) y un recorrido por el centro de la capital, con salida y meta en las inmediaciones de la Plaza de Col\u00f3n, llenando el Paseo de la Castellana de participantes. <strong>Javier Mart\u00ednez <\/strong>se coron\u00f3 campe\u00f3n en la distancia de 10 km, mientras que en la versi\u00f3n corta de 4,5 km triunf\u00f3 <strong>Sergio Salinero<\/strong>. Destac\u00f3 tambi\u00e9n <strong>Paula Mart\u00edn <\/strong>con el tercer puesto en su categor\u00eda.<\/p>\n\n\n\n<figure class=\"wp-block-gallery has-nested-images columns-default is-cropped wp-block-gallery-1 is-layout-flex wp-block-gallery-is-layout-flex\">\n<figure class=\"wp-block-image size-large\"><img loading=\"lazy\" decoding=\"async\" width=\"1024\" height=\"683\" data-id=\"3503\" src=\"https:\/\/ssreyescmenorca.com\/wp-content\/uploads\/2026\/04\/WhatsApp-Image-2026-04-19-at-16.06.49-1024x683.jpeg\" alt=\"\" class=\"wp-image-3503\" srcset=\"http:\/\/ssreyescmenorca.com\/wp-content\/uploads\/2026\/04\/WhatsApp-Image-2026-04-19-at-16.06.49-1024x683.jpeg 1024w, http:\/\/ssreyescmenorca.com\/wp-content\/uploads\/2026\/04\/WhatsApp-Image-2026-04-19-at-16.06.49-300x200.jpeg 300w, http:\/\/ssreyescmenorca.com\/wp-content\/uploads\/2026\/04\/WhatsApp-Image-2026-04-19-at-16.06.49-768x512.jpeg 768w, http:\/\/ssreyescmenorca.com\/wp-content\/uploads\/2026\/04\/WhatsApp-Image-2026-04-19-at-16.06.49-1536x1025.jpeg 1536w, http:\/\/ssreyescmenorca.com\/wp-content\/uploads\/2026\/04\/WhatsApp-Image-2026-04-19-at-16.06.49-1568x1046.jpeg 1568w, http:\/\/ssreyescmenorca.com\/wp-content\/uploads\/2026\/04\/WhatsApp-Image-2026-04-19-at-16.06.49-600x400.jpeg 600w, http:\/\/ssreyescmenorca.com\/wp-content\/uploads\/2026\/04\/WhatsApp-Image-2026-04-19-at-16.06.49.jpeg 2048w\" sizes=\"auto, (max-width: 1024px) 100vw, 1024px\" \/><\/figure>\n\n\n\n<figure class=\"wp-block-image size-large\"><img loading=\"lazy\" decoding=\"async\" width=\"1024\" height=\"683\" data-id=\"3502\" src=\"https:\/\/ssreyescmenorca.com\/wp-content\/uploads\/2026\/04\/WhatsApp-Image-2026-04-19-at-16.06.50-1024x683.jpeg\" alt=\"\" class=\"wp-image-3502\" srcset=\"http:\/\/ssreyescmenorca.com\/wp-content\/uploads\/2026\/04\/WhatsApp-Image-2026-04-19-at-16.06.50-1024x683.jpeg 1024w, http:\/\/ssreyescmenorca.com\/wp-content\/uploads\/2026\/04\/WhatsApp-Image-2026-04-19-at-16.06.50-300x200.jpeg 300w, http:\/\/ssreyescmenorca.com\/wp-content\/uploads\/2026\/04\/WhatsApp-Image-2026-04-19-at-16.06.50-768x512.jpeg 768w, http:\/\/ssreyescmenorca.com\/wp-content\/uploads\/2026\/04\/WhatsApp-Image-2026-04-19-at-16.06.50-1536x1025.jpeg 1536w, http:\/\/ssreyescmenorca.com\/wp-content\/uploads\/2026\/04\/WhatsApp-Image-2026-04-19-at-16.06.50-1568x1046.jpeg 1568w, http:\/\/ssreyescmenorca.com\/wp-content\/uploads\/2026\/04\/WhatsApp-Image-2026-04-19-at-16.06.50-600x400.jpeg 600w, http:\/\/ssreyescmenorca.com\/wp-content\/uploads\/2026\/04\/WhatsApp-Image-2026-04-19-at-16.06.50.jpeg 2048w\" sizes=\"auto, (max-width: 1024px) 100vw, 1024px\" \/><\/figure>\n\n\n\n<figure class=\"wp-block-image size-large\"><img loading=\"lazy\" decoding=\"async\" width=\"1024\" height=\"605\" data-id=\"3505\" src=\"https:\/\/ssreyescmenorca.com\/wp-content\/uploads\/2026\/04\/WhatsApp-Image-2026-04-19-at-21.26.39-1024x605.jpeg\" alt=\"\" class=\"wp-image-3505\" srcset=\"http:\/\/ssreyescmenorca.com\/wp-content\/uploads\/2026\/04\/WhatsApp-Image-2026-04-19-at-21.26.39-1024x605.jpeg 1024w, http:\/\/ssreyescmenorca.com\/wp-content\/uploads\/2026\/04\/WhatsApp-Image-2026-04-19-at-21.26.39-300x177.jpeg 300w, http:\/\/ssreyescmenorca.com\/wp-content\/uploads\/2026\/04\/WhatsApp-Image-2026-04-19-at-21.26.39-768x453.jpeg 768w, http:\/\/ssreyescmenorca.com\/wp-content\/uploads\/2026\/04\/WhatsApp-Image-2026-04-19-at-21.26.39-1536x907.jpeg 1536w, http:\/\/ssreyescmenorca.com\/wp-content\/uploads\/2026\/04\/WhatsApp-Image-2026-04-19-at-21.26.39-1568x926.jpeg 1568w, http:\/\/ssreyescmenorca.com\/wp-content\/uploads\/2026\/04\/WhatsApp-Image-2026-04-19-at-21.26.39-600x354.jpeg 600w, http:\/\/ssreyescmenorca.com\/wp-content\/uploads\/2026\/04\/WhatsApp-Image-2026-04-19-at-21.26.39.jpeg 2048w\" sizes=\"auto, (max-width: 1024px) 100vw, 1024px\" \/><\/figure>\n\n\n\n<figure class=\"wp-block-image size-large\"><img loading=\"lazy\" decoding=\"async\" width=\"1024\" height=\"665\" data-id=\"3504\" src=\"https:\/\/ssreyescmenorca.com\/wp-content\/uploads\/2026\/04\/WhatsApp-Image-2026-04-19-at-21.26.40-1024x665.jpeg\" alt=\"\" class=\"wp-image-3504\" srcset=\"http:\/\/ssreyescmenorca.com\/wp-content\/uploads\/2026\/04\/WhatsApp-Image-2026-04-19-at-21.26.40-1024x665.jpeg 1024w, http:\/\/ssreyescmenorca.com\/wp-content\/uploads\/2026\/04\/WhatsApp-Image-2026-04-19-at-21.26.40-300x195.jpeg 300w, http:\/\/ssreyescmenorca.com\/wp-content\/uploads\/2026\/04\/WhatsApp-Image-2026-04-19-at-21.26.40-768x498.jpeg 768w, http:\/\/ssreyescmenorca.com\/wp-content\/uploads\/2026\/04\/WhatsApp-Image-2026-04-19-at-21.26.40-1536x997.jpeg 1536w, http:\/\/ssreyescmenorca.com\/wp-content\/uploads\/2026\/04\/WhatsApp-Image-2026-04-19-at-21.26.40-1568x1018.jpeg 1568w, http:\/\/ssreyescmenorca.com\/wp-content\/uploads\/2026\/04\/WhatsApp-Image-2026-04-19-at-21.26.40-600x389.jpeg 600w, http:\/\/ssreyescmenorca.com\/wp-content\/uploads\/2026\/04\/WhatsApp-Image-2026-04-19-at-21.26.40.jpeg 2048w\" sizes=\"auto, (max-width: 1024px) 100vw, 1024px\" \/><\/figure>\n<\/figure>\n\n\n\n<p>Por otro lado, en San Fernando de Henares (Madrid), el Ayuntamiento organiz\u00f3 una carrera popular de 10 kil\u00f3metros. En ella, <strong>Mar\u00eda del Carmen Castillo <\/strong>consigui\u00f3 un meritorio segundo puesto en su categor\u00eda<\/p>\n\n\n\n<p>Adem\u00e1s, tambi\u00e9n se celebr\u00f3 la <strong>XV edici\u00f3n del Cross Popular San Blasillo <\/strong>en Ajalvir (Madrid), organizado por ADSprint y el Ayuntamiento, con distancia de 5 km y una gran participaci\u00f3n popular. <strong>Ignacio \u201cNacho\u201d <\/strong><strong>Haro <\/strong>logr\u00f3 un excelente segundo puesto en la general.<\/p>\n\n\n\n<figure class=\"wp-block-gallery has-nested-images columns-default is-cropped wp-block-gallery-2 is-layout-flex wp-block-gallery-is-layout-flex\">\n<figure class=\"wp-block-image size-large\"><img loading=\"lazy\" decoding=\"async\" width=\"473\" height=\"1024\" data-id=\"3507\" src=\"https:\/\/ssreyescmenorca.com\/wp-content\/uploads\/2026\/04\/WhatsApp-Image-2026-04-19-at-13.42.20-473x1024.jpeg\" alt=\"\" class=\"wp-image-3507\" srcset=\"http:\/\/ssreyescmenorca.com\/wp-content\/uploads\/2026\/04\/WhatsApp-Image-2026-04-19-at-13.42.20-473x1024.jpeg 473w, http:\/\/ssreyescmenorca.com\/wp-content\/uploads\/2026\/04\/WhatsApp-Image-2026-04-19-at-13.42.20-139x300.jpeg 139w, http:\/\/ssreyescmenorca.com\/wp-content\/uploads\/2026\/04\/WhatsApp-Image-2026-04-19-at-13.42.20-768x1663.jpeg 768w, http:\/\/ssreyescmenorca.com\/wp-content\/uploads\/2026\/04\/WhatsApp-Image-2026-04-19-at-13.42.20-710x1536.jpeg 710w, http:\/\/ssreyescmenorca.com\/wp-content\/uploads\/2026\/04\/WhatsApp-Image-2026-04-19-at-13.42.20-600x1299.jpeg 600w, http:\/\/ssreyescmenorca.com\/wp-content\/uploads\/2026\/04\/WhatsApp-Image-2026-04-19-at-13.42.20.jpeg 946w\" sizes=\"auto, (max-width: 473px) 100vw, 473px\" \/><\/figure>\n\n\n\n<figure class=\"wp-block-image size-large\"><img loading=\"lazy\" decoding=\"async\" width=\"700\" height=\"1024\" data-id=\"3506\" src=\"https:\/\/ssreyescmenorca.com\/wp-content\/uploads\/2026\/04\/WhatsApp-Image-2026-04-19-at-13.33.13-700x1024.jpeg\" alt=\"\" class=\"wp-image-3506\" srcset=\"http:\/\/ssreyescmenorca.com\/wp-content\/uploads\/2026\/04\/WhatsApp-Image-2026-04-19-at-13.33.13-700x1024.jpeg 700w, http:\/\/ssreyescmenorca.com\/wp-content\/uploads\/2026\/04\/WhatsApp-Image-2026-04-19-at-13.33.13-205x300.jpeg 205w, http:\/\/ssreyescmenorca.com\/wp-content\/uploads\/2026\/04\/WhatsApp-Image-2026-04-19-at-13.33.13-768x1124.jpeg 768w, http:\/\/ssreyescmenorca.com\/wp-content\/uploads\/2026\/04\/WhatsApp-Image-2026-04-19-at-13.33.13-1049x1536.jpeg 1049w, http:\/\/ssreyescmenorca.com\/wp-content\/uploads\/2026\/04\/WhatsApp-Image-2026-04-19-at-13.33.13-600x878.jpeg 600w, http:\/\/ssreyescmenorca.com\/wp-content\/uploads\/2026\/04\/WhatsApp-Image-2026-04-19-at-13.33.13.jpeg 1093w\" sizes=\"auto, (max-width: 700px) 100vw, 700px\" \/><\/figure>\n<\/figure>\n","protected":false},"excerpt":{"rendered":"<p>Este pasado s\u00e1bado 18 de abril se disput\u00f3 la XXIII edici\u00f3n del 10K Villa de Laredo, una de las pruebas de 10 kil\u00f3metros m\u00e1s r\u00e1pidas del continente. La carrera, integrada en el calendario de la Real Federaci\u00f3n Espa\u00f1ola de Atletismo, la Federaci\u00f3n C\u00e1ntabra y el circuito internacional de World Athletics, atrajo a un gran cartel&hellip; <a class=\"more-link\" href=\"http:\/\/ssreyescmenorca.com\/?p=3500\">Seguir leyendo <span class=\"screen-reader-text\">XXIII edici\u00f3n del 10K Villa de Laredo, XIII edici\u00f3n de la Carrera Madrid en Marcha Contra el C\u00e1ncer, 10K San Fernando y XV edici\u00f3n del Cross Popular San Blasillo<\/span><\/a><\/p>\n","protected":false},"author":2,"featured_media":3503,"comment_status":"open","ping_status":"open","sticky":false,"template":"","format":"standard","meta":{"footnotes":""},"categories":[3],"tags":[],"class_list":["post-3500","post","type-post","status-publish","format-standard","has-post-thumbnail","hentry","category-noticias","entry"],"_links":{"self":[{"href":"http:\/\/ssreyescmenorca.com\/index.php?rest_route=\/wp\/v2\/posts\/3500","targetHints":{"allow":["GET"]}}],"collection":[{"href":"http:\/\/ssreyescmenorca.com\/index.php?rest_route=\/wp\/v2\/posts"}],"about":[{"href":"http:\/\/ssreyescmenorca.com\/index.php?rest_route=\/wp\/v2\/types\/post"}],"author":[{"embeddable":true,"href":"http:\/\/ssreyescmenorca.com\/index.php?rest_route=\/wp\/v2\/users\/2"}],"replies":[{"embeddable":true,"href":"http:\/\/ssreyescmenorca.com\/index.php?rest_route=%2Fwp%2Fv2%2Fcomments&post=3500"}],"version-history":[{"count":1,"href":"http:\/\/ssreyescmenorca.com\/index.php?rest_route=\/wp\/v2\/posts\/3500\/revisions"}],"predecessor-version":[{"id":3508,"href":"http:\/\/ssreyescmenorca.com\/index.php?rest_route=\/wp\/v2\/posts\/3500\/revisions\/3508"}],"wp:featuredmedia":[{"embeddable":true,"href":"http:\/\/ssreyescmenorca.com\/index.php?rest_route=\/wp\/v2\/media\/3503"}],"wp:attachment":[{"href":"http:\/\/ssreyescmenorca.com\/index.php?rest_route=%2Fwp%2Fv2%2Fmedia&parent=3500"}],"wp:term":[{"taxonomy":"category","embeddable":true,"href":"http:\/\/ssreyescmenorca.com\/index.php?rest_route=%2Fwp%2Fv2%2Fcategories&post=3500"},{"taxonomy":"post_tag","embeddable":true,"href":"http:\/\/ssreyescmenorca.com\/index.php?rest_route=%2Fwp%2Fv2%2Ftags&post=3500"}],"curies":[{"name":"wp","href":"https:\/\/api.w.org\/{rel}","templated":true}]}}