{"id":3489,"date":"2026-04-13T14:32:52","date_gmt":"2026-04-13T14:32:52","guid":{"rendered":"https:\/\/ssreyescmenorca.com\/?p=3489"},"modified":"2026-04-13T14:32:53","modified_gmt":"2026-04-13T14:32:53","slug":"xx-edicion-de-la-media-maraton-de-merida-campeonato-de-madrid-10k-y-ii-milla-urbana-de-tres-cantos","status":"publish","type":"post","link":"http:\/\/ssreyescmenorca.com\/?p=3489","title":{"rendered":"XX edici\u00f3n de la Media Marat\u00f3n de M\u00e9rida, Campeonato de madrid 10k y II Milla Urbana de Tres Cantos."},"content":{"rendered":"\n<h2 class=\"wp-block-heading\">El Club de Atletismo San Sebasti\u00e1n de los Reyes brilla en un intenso fin de semana de competici\u00f3n<\/h2>\n\n\n\n<p>El Club de Atletismo San Sebasti\u00e1n de los Reyes ha protagonizado un destacado fin de semana competitivo, logrando excelentes resultados tanto a nivel nacional como auton\u00f3mico.<\/p>\n\n\n\n<p>En la <strong>XX edici\u00f3n de la Media Marat\u00f3n \u201cM\u00e9rida Patrimonio de la Humanidad\u201d<\/strong>, que reuni\u00f3 a cerca de 2.500 corredores y acogi\u00f3 el Campeonato de Espa\u00f1a de Media Marat\u00f3n Absoluto y M\u00e1ster, el atleta <strong>Javier Mart\u00ednez Fern\u00e1ndez<\/strong> firm\u00f3 una actuaci\u00f3n sobresaliente al proclamarse <strong>campe\u00f3n de Espa\u00f1a en su categor\u00eda<\/strong>, consolid\u00e1ndose como uno de los referentes nacionales.<\/p>\n\n\n\n<p>En el \u00e1mbito auton\u00f3mico, tambi\u00e9n se registraron importantes logros. En el <strong>Campeonato de Madrid de 10.000 metros femenino<\/strong>, <strong>Alejandra S\u00e1nchez Massa<\/strong> consigui\u00f3 una meritoria <strong>segunda posici\u00f3n en la clasificaci\u00f3n general<\/strong>, confirmando su gran estado de forma.<\/p>\n\n\n\n<figure class=\"wp-block-gallery has-nested-images columns-default is-cropped wp-block-gallery-1 is-layout-flex wp-block-gallery-is-layout-flex\">\n<figure class=\"wp-block-image size-large\"><img loading=\"lazy\" decoding=\"async\" width=\"901\" height=\"1024\" data-id=\"3490\" src=\"https:\/\/ssreyescmenorca.com\/wp-content\/uploads\/2026\/04\/IMG_0746-901x1024.jpg\" alt=\"\" class=\"wp-image-3490\" srcset=\"http:\/\/ssreyescmenorca.com\/wp-content\/uploads\/2026\/04\/IMG_0746-901x1024.jpg 901w, http:\/\/ssreyescmenorca.com\/wp-content\/uploads\/2026\/04\/IMG_0746-264x300.jpg 264w, http:\/\/ssreyescmenorca.com\/wp-content\/uploads\/2026\/04\/IMG_0746-768x873.jpg 768w, http:\/\/ssreyescmenorca.com\/wp-content\/uploads\/2026\/04\/IMG_0746-600x682.jpg 600w, http:\/\/ssreyescmenorca.com\/wp-content\/uploads\/2026\/04\/IMG_0746.jpg 1080w\" sizes=\"auto, (max-width: 901px) 100vw, 901px\" \/><\/figure>\n\n\n\n<figure class=\"wp-block-image size-large\"><img loading=\"lazy\" decoding=\"async\" width=\"768\" height=\"1024\" data-id=\"3491\" src=\"https:\/\/ssreyescmenorca.com\/wp-content\/uploads\/2026\/04\/WhatsApp-Image-2026-04-11-at-19.49.53-2-768x1024.jpeg\" alt=\"\" class=\"wp-image-3491\" srcset=\"http:\/\/ssreyescmenorca.com\/wp-content\/uploads\/2026\/04\/WhatsApp-Image-2026-04-11-at-19.49.53-2-768x1024.jpeg 768w, http:\/\/ssreyescmenorca.com\/wp-content\/uploads\/2026\/04\/WhatsApp-Image-2026-04-11-at-19.49.53-2-225x300.jpeg 225w, http:\/\/ssreyescmenorca.com\/wp-content\/uploads\/2026\/04\/WhatsApp-Image-2026-04-11-at-19.49.53-2-1152x1536.jpeg 1152w, http:\/\/ssreyescmenorca.com\/wp-content\/uploads\/2026\/04\/WhatsApp-Image-2026-04-11-at-19.49.53-2-600x800.jpeg 600w, http:\/\/ssreyescmenorca.com\/wp-content\/uploads\/2026\/04\/WhatsApp-Image-2026-04-11-at-19.49.53-2.jpeg 1200w\" sizes=\"auto, (max-width: 768px) 100vw, 768px\" \/><\/figure>\n<\/figure>\n\n\n\n<p>Por otro lado, la <strong>II Milla Urbana de Tres Cantos<\/strong>, celebrada el pasado domingo 12 de abril, volvi\u00f3 a ser una gran cita del atletismo popular, en la que los atletas del club tuvieron un papel protagonista.<br><strong>Alejandro Matellano<\/strong> se alz\u00f3 con la victoria en la clasificaci\u00f3n general, mientras que <strong>Javier Mart\u00edn<\/strong> logr\u00f3 una destacada tercera posici\u00f3n.<\/p>\n\n\n\n<p>En las distintas categor\u00edas, los resultados tambi\u00e9n fueron muy positivos:<\/p>\n\n\n\n<ul class=\"wp-block-list\">\n<li><strong>Miriam Gallego<\/strong>, tercera clasificada<\/li>\n\n\n\n<li><strong>Jos\u00e9 Mar\u00eda de la Puebla<\/strong>, segundo puesto<\/li>\n\n\n\n<li><strong>Miguel \u00c1ngel Sanz<\/strong>, campe\u00f3n de su categor\u00eda<\/li>\n<\/ul>\n\n\n\n<p>Asimismo, cabe destacar la participaci\u00f3n de otros atletas del club, como <strong>Enrique Rojas<\/strong>, que contribuyeron al excelente desempe\u00f1o colectivo.<\/p>\n\n\n\n<figure class=\"wp-block-gallery has-nested-images columns-default is-cropped wp-block-gallery-2 is-layout-flex wp-block-gallery-is-layout-flex\">\n<figure class=\"wp-block-image size-large\"><img loading=\"lazy\" decoding=\"async\" width=\"1024\" height=\"895\" data-id=\"3493\" src=\"https:\/\/ssreyescmenorca.com\/wp-content\/uploads\/2026\/04\/IMG_0750-1024x895.jpg\" alt=\"\" class=\"wp-image-3493\" srcset=\"http:\/\/ssreyescmenorca.com\/wp-content\/uploads\/2026\/04\/IMG_0750-1024x895.jpg 1024w, http:\/\/ssreyescmenorca.com\/wp-content\/uploads\/2026\/04\/IMG_0750-300x262.jpg 300w, http:\/\/ssreyescmenorca.com\/wp-content\/uploads\/2026\/04\/IMG_0750-768x671.jpg 768w, http:\/\/ssreyescmenorca.com\/wp-content\/uploads\/2026\/04\/IMG_0750-600x524.jpg 600w, http:\/\/ssreyescmenorca.com\/wp-content\/uploads\/2026\/04\/IMG_0750.jpg 1080w\" sizes=\"auto, (max-width: 1024px) 100vw, 1024px\" \/><\/figure>\n\n\n\n<figure class=\"wp-block-image size-large\"><img loading=\"lazy\" decoding=\"async\" width=\"1024\" height=\"890\" data-id=\"3495\" src=\"https:\/\/ssreyescmenorca.com\/wp-content\/uploads\/2026\/04\/IMG_0749-1024x890.jpg\" alt=\"\" class=\"wp-image-3495\" srcset=\"http:\/\/ssreyescmenorca.com\/wp-content\/uploads\/2026\/04\/IMG_0749-1024x890.jpg 1024w, http:\/\/ssreyescmenorca.com\/wp-content\/uploads\/2026\/04\/IMG_0749-300x261.jpg 300w, http:\/\/ssreyescmenorca.com\/wp-content\/uploads\/2026\/04\/IMG_0749-768x668.jpg 768w, http:\/\/ssreyescmenorca.com\/wp-content\/uploads\/2026\/04\/IMG_0749-600x522.jpg 600w, http:\/\/ssreyescmenorca.com\/wp-content\/uploads\/2026\/04\/IMG_0749.jpg 1080w\" sizes=\"auto, (max-width: 1024px) 100vw, 1024px\" \/><\/figure>\n\n\n\n<figure class=\"wp-block-image size-large\"><img loading=\"lazy\" decoding=\"async\" width=\"631\" height=\"864\" data-id=\"3492\" src=\"https:\/\/ssreyescmenorca.com\/wp-content\/uploads\/2026\/04\/IMG_0748.jpg\" alt=\"\" class=\"wp-image-3492\" srcset=\"http:\/\/ssreyescmenorca.com\/wp-content\/uploads\/2026\/04\/IMG_0748.jpg 631w, http:\/\/ssreyescmenorca.com\/wp-content\/uploads\/2026\/04\/IMG_0748-219x300.jpg 219w, http:\/\/ssreyescmenorca.com\/wp-content\/uploads\/2026\/04\/IMG_0748-600x822.jpg 600w\" sizes=\"auto, (max-width: 631px) 100vw, 631px\" \/><\/figure>\n\n\n\n<figure class=\"wp-block-image size-large\"><img loading=\"lazy\" decoding=\"async\" width=\"1024\" height=\"951\" data-id=\"3494\" src=\"https:\/\/ssreyescmenorca.com\/wp-content\/uploads\/2026\/04\/IMG_0747-1024x951.jpg\" alt=\"\" class=\"wp-image-3494\" srcset=\"http:\/\/ssreyescmenorca.com\/wp-content\/uploads\/2026\/04\/IMG_0747-1024x951.jpg 1024w, http:\/\/ssreyescmenorca.com\/wp-content\/uploads\/2026\/04\/IMG_0747-300x279.jpg 300w, http:\/\/ssreyescmenorca.com\/wp-content\/uploads\/2026\/04\/IMG_0747-768x713.jpg 768w, http:\/\/ssreyescmenorca.com\/wp-content\/uploads\/2026\/04\/IMG_0747-600x557.jpg 600w, http:\/\/ssreyescmenorca.com\/wp-content\/uploads\/2026\/04\/IMG_0747.jpg 1080w\" sizes=\"auto, (max-width: 1024px) 100vw, 1024px\" \/><\/figure>\n<\/figure>\n\n\n\n<p>Estos resultados reflejan el compromiso, esfuerzo y progresi\u00f3n constante del Club de Atletismo San Sebasti\u00e1n de los Reyes, que contin\u00faa consolid\u00e1ndose como un referente deportivo tanto a nivel regional como nacional.<\/p>\n","protected":false},"excerpt":{"rendered":"<p>El Club de Atletismo San Sebasti\u00e1n de los Reyes brilla en un intenso fin de semana de competici\u00f3n El Club de Atletismo San Sebasti\u00e1n de los Reyes ha protagonizado un destacado fin de semana competitivo, logrando excelentes resultados tanto a nivel nacional como auton\u00f3mico. En la XX edici\u00f3n de la Media Marat\u00f3n \u201cM\u00e9rida Patrimonio de&hellip; <a class=\"more-link\" href=\"http:\/\/ssreyescmenorca.com\/?p=3489\">Seguir leyendo <span class=\"screen-reader-text\">XX edici\u00f3n de la Media Marat\u00f3n de M\u00e9rida, Campeonato de madrid 10k y II Milla Urbana de Tres Cantos.<\/span><\/a><\/p>\n","protected":false},"author":2,"featured_media":3491,"comment_status":"open","ping_status":"open","sticky":false,"template":"","format":"standard","meta":{"footnotes":""},"categories":[3],"tags":[],"class_list":["post-3489","post","type-post","status-publish","format-standard","has-post-thumbnail","hentry","category-noticias","entry"],"_links":{"self":[{"href":"http:\/\/ssreyescmenorca.com\/index.php?rest_route=\/wp\/v2\/posts\/3489","targetHints":{"allow":["GET"]}}],"collection":[{"href":"http:\/\/ssreyescmenorca.com\/index.php?rest_route=\/wp\/v2\/posts"}],"about":[{"href":"http:\/\/ssreyescmenorca.com\/index.php?rest_route=\/wp\/v2\/types\/post"}],"author":[{"embeddable":true,"href":"http:\/\/ssreyescmenorca.com\/index.php?rest_route=\/wp\/v2\/users\/2"}],"replies":[{"embeddable":true,"href":"http:\/\/ssreyescmenorca.com\/index.php?rest_route=%2Fwp%2Fv2%2Fcomments&post=3489"}],"version-history":[{"count":1,"href":"http:\/\/ssreyescmenorca.com\/index.php?rest_route=\/wp\/v2\/posts\/3489\/revisions"}],"predecessor-version":[{"id":3496,"href":"http:\/\/ssreyescmenorca.com\/index.php?rest_route=\/wp\/v2\/posts\/3489\/revisions\/3496"}],"wp:featuredmedia":[{"embeddable":true,"href":"http:\/\/ssreyescmenorca.com\/index.php?rest_route=\/wp\/v2\/media\/3491"}],"wp:attachment":[{"href":"http:\/\/ssreyescmenorca.com\/index.php?rest_route=%2Fwp%2Fv2%2Fmedia&parent=3489"}],"wp:term":[{"taxonomy":"category","embeddable":true,"href":"http:\/\/ssreyescmenorca.com\/index.php?rest_route=%2Fwp%2Fv2%2Fcategories&post=3489"},{"taxonomy":"post_tag","embeddable":true,"href":"http:\/\/ssreyescmenorca.com\/index.php?rest_route=%2Fwp%2Fv2%2Ftags&post=3489"}],"curies":[{"name":"wp","href":"https:\/\/api.w.org\/{rel}","templated":true}]}}