{"id":3476,"date":"2026-02-16T17:57:43","date_gmt":"2026-02-16T17:57:43","guid":{"rendered":"http:\/\/ssreyescmenorca.com\/?p=3476"},"modified":"2026-02-16T17:57:44","modified_gmt":"2026-02-16T17:57:44","slug":"jornada-de-menores-27","status":"publish","type":"post","link":"http:\/\/ssreyescmenorca.com\/?p=3476","title":{"rendered":"Jornada de Menores 27"},"content":{"rendered":"\n<p>J<strong>ornada de Menores 27 \u2013 Pista Cubierta Gallur (14 de febrero)<\/strong><\/p>\n\n\n\n<p>La Pista Cubierta de Gallur acogi\u00f3 el pasado 14 de febrero la Jornada de Menores 27, en la que el club particip\u00f3 con atletas de las categor\u00edas Sub14 y Sub16, todos ellos en la prueba de <strong>1.000 metros<\/strong>. La jornada dej\u00f3 un balance muy positivo, marcado por numerosas mejoras de marca personal, una gran actitud competitiva y una clara progresi\u00f3n del grupo.<\/p>\n\n\n\n<h3 class=\"wp-block-heading\">Sub16 femenino: confianza, valent\u00eda y gran resultado<\/h3>\n\n\n\n<p>En categor\u00eda Sub16, las chicas compitieron en la serie de las 10:55, protagonizando una actuaci\u00f3n sobresaliente.<\/p>\n\n\n\n<ul class=\"wp-block-list\">\n<li><strong>Aitana P\u00e9rez<\/strong> se impuso en su serie con <strong>3:18.47 (MMP)<\/strong>, firmando una carrera muy s\u00f3lida. Tras anteriores ca\u00eddas en esta pista que hab\u00edan condicionado su confianza, realiz\u00f3 una salida r\u00e1pida y decidida y gestion\u00f3 la prueba con gran madurez.<\/li>\n\n\n\n<li><strong>Carla P\u00e9rez<\/strong>, muy segura y positiva durante toda la carrera, finaliz\u00f3 <strong>2\u00aa con 3:19.58 (MMP)<\/strong>.<\/li>\n<\/ul>\n\n\n\n<p>Ambas corrieron juntas de principio a fin, marc\u00e1ndose el ritmo mutuamente y logrando una mejora de <strong>13 segundos<\/strong>, reflejo del buen trabajo realizado en las \u00faltimas semanas. <\/p>\n\n\n\n<h3 class=\"wp-block-heading\">Sub14: amplia participaci\u00f3n y mejoras generalizadas<\/h3>\n\n\n\n<p>El equipo Sub14 estuvo formado por <strong>ocho atletas femeninas y uno masculino<\/strong>, con participaci\u00f3n repartida en varias series y un denominador com\u00fan: la mejora de marcas personales.<\/p>\n\n\n\n<p><strong>Serie 1 (femenina)<\/strong><\/p>\n\n\n\n<ul class=\"wp-block-list\">\n<li><strong>Martina Rodr\u00edguez<\/strong>: 3:30.50 (MMP, mejora de 5 segundos)<\/li>\n\n\n\n<li><strong>Irene Banea<\/strong>: 3:36.51 (MMP)<\/li>\n<\/ul>\n\n\n\n<p><strong>Serie 2<\/strong><\/p>\n\n\n\n<ul class=\"wp-block-list\">\n<li><strong>Nela D\u00edaz<\/strong>: 3:49.39 (MMP, mejora de 2 segundos)<\/li>\n\n\n\n<li><strong>Alba Aparicio<\/strong>: 3:51.45<\/li>\n<\/ul>\n\n\n\n<p><strong>Serie 3<\/strong><\/p>\n\n\n\n<ul class=\"wp-block-list\">\n<li><strong>Nerea Merch\u00e1n<\/strong>: 7\u00aa con 3:55.91<\/li>\n<\/ul>\n\n\n\n<p><strong>Serie 4<\/strong><br>Gran actuaci\u00f3n conjunta de:<\/p>\n\n\n\n<ul class=\"wp-block-list\">\n<li><strong>Sof\u00eda Porras<\/strong>: 4\u00aa con 4:05.02 (MMP, mejora de 12,5 s)<\/li>\n\n\n\n<li><strong>Carla Dur\u00e1n<\/strong>: 5\u00aa con 4:05.05 (MMP, mejora de m\u00e1s de 8 s)<\/li>\n\n\n\n<li><strong>Leire D\u00edaz<\/strong>: 4:08.86 (MMP, mejora de 12 s)<\/li>\n<\/ul>\n\n\n\n<p>Las tres gestionaron la prueba con inteligencia, manteniendo el ritmo en los primeros 800 metros y cerrando con un fuerte sprint final. <\/p>\n\n\n\n<p>En categor\u00eda masculina, <strong>Dar\u00edo de F\u00e9lix<\/strong> complet\u00f3 una gran carrera, finalizando <strong>6\u00ba con 3:40.46<\/strong>, lo que supone una mejora de <strong>6,5 segundos<\/strong> respecto a su anterior marca.<\/p>\n\n\n\n<figure class=\"wp-block-gallery has-nested-images columns-default is-cropped wp-block-gallery-1 is-layout-flex wp-block-gallery-is-layout-flex\">\n<figure class=\"wp-block-image size-large\"><img loading=\"lazy\" decoding=\"async\" width=\"1024\" height=\"768\" data-id=\"3479\" src=\"http:\/\/ssreyescmenorca.com\/wp-content\/uploads\/2026\/02\/0df3185e-0eef-4fa5-bea7-7fdfa4b31fcc-1024x768.jpg\" alt=\"\" class=\"wp-image-3479\" srcset=\"http:\/\/ssreyescmenorca.com\/wp-content\/uploads\/2026\/02\/0df3185e-0eef-4fa5-bea7-7fdfa4b31fcc-1024x768.jpg 1024w, http:\/\/ssreyescmenorca.com\/wp-content\/uploads\/2026\/02\/0df3185e-0eef-4fa5-bea7-7fdfa4b31fcc-300x225.jpg 300w, http:\/\/ssreyescmenorca.com\/wp-content\/uploads\/2026\/02\/0df3185e-0eef-4fa5-bea7-7fdfa4b31fcc-768x576.jpg 768w, http:\/\/ssreyescmenorca.com\/wp-content\/uploads\/2026\/02\/0df3185e-0eef-4fa5-bea7-7fdfa4b31fcc-1536x1152.jpg 1536w, http:\/\/ssreyescmenorca.com\/wp-content\/uploads\/2026\/02\/0df3185e-0eef-4fa5-bea7-7fdfa4b31fcc-1568x1176.jpg 1568w, http:\/\/ssreyescmenorca.com\/wp-content\/uploads\/2026\/02\/0df3185e-0eef-4fa5-bea7-7fdfa4b31fcc-600x450.jpg 600w, http:\/\/ssreyescmenorca.com\/wp-content\/uploads\/2026\/02\/0df3185e-0eef-4fa5-bea7-7fdfa4b31fcc.jpg 2048w\" sizes=\"auto, (max-width: 1024px) 100vw, 1024px\" \/><\/figure>\n\n\n\n<figure class=\"wp-block-image size-large\"><img loading=\"lazy\" decoding=\"async\" width=\"768\" height=\"1024\" data-id=\"3480\" src=\"http:\/\/ssreyescmenorca.com\/wp-content\/uploads\/2026\/02\/28423937-7e65-4333-af98-a615e41fba92-768x1024.jpg\" alt=\"\" class=\"wp-image-3480\" srcset=\"http:\/\/ssreyescmenorca.com\/wp-content\/uploads\/2026\/02\/28423937-7e65-4333-af98-a615e41fba92-768x1024.jpg 768w, http:\/\/ssreyescmenorca.com\/wp-content\/uploads\/2026\/02\/28423937-7e65-4333-af98-a615e41fba92-225x300.jpg 225w, http:\/\/ssreyescmenorca.com\/wp-content\/uploads\/2026\/02\/28423937-7e65-4333-af98-a615e41fba92-1152x1536.jpg 1152w, http:\/\/ssreyescmenorca.com\/wp-content\/uploads\/2026\/02\/28423937-7e65-4333-af98-a615e41fba92-600x800.jpg 600w, http:\/\/ssreyescmenorca.com\/wp-content\/uploads\/2026\/02\/28423937-7e65-4333-af98-a615e41fba92.jpg 1536w\" sizes=\"auto, (max-width: 768px) 100vw, 768px\" \/><\/figure>\n\n\n\n<figure class=\"wp-block-image size-large\"><img loading=\"lazy\" decoding=\"async\" width=\"1024\" height=\"768\" data-id=\"3478\" src=\"http:\/\/ssreyescmenorca.com\/wp-content\/uploads\/2026\/02\/072f3316-cf6b-4235-823f-624c9bce0647-1024x768.jpg\" alt=\"\" class=\"wp-image-3478\" srcset=\"http:\/\/ssreyescmenorca.com\/wp-content\/uploads\/2026\/02\/072f3316-cf6b-4235-823f-624c9bce0647-1024x768.jpg 1024w, http:\/\/ssreyescmenorca.com\/wp-content\/uploads\/2026\/02\/072f3316-cf6b-4235-823f-624c9bce0647-300x225.jpg 300w, http:\/\/ssreyescmenorca.com\/wp-content\/uploads\/2026\/02\/072f3316-cf6b-4235-823f-624c9bce0647-768x576.jpg 768w, http:\/\/ssreyescmenorca.com\/wp-content\/uploads\/2026\/02\/072f3316-cf6b-4235-823f-624c9bce0647-1536x1152.jpg 1536w, http:\/\/ssreyescmenorca.com\/wp-content\/uploads\/2026\/02\/072f3316-cf6b-4235-823f-624c9bce0647-1568x1176.jpg 1568w, http:\/\/ssreyescmenorca.com\/wp-content\/uploads\/2026\/02\/072f3316-cf6b-4235-823f-624c9bce0647-600x450.jpg 600w, http:\/\/ssreyescmenorca.com\/wp-content\/uploads\/2026\/02\/072f3316-cf6b-4235-823f-624c9bce0647.jpg 2048w\" sizes=\"auto, (max-width: 1024px) 100vw, 1024px\" \/><\/figure>\n\n\n\n<figure class=\"wp-block-image size-large\"><img loading=\"lazy\" decoding=\"async\" width=\"1024\" height=\"768\" data-id=\"3477\" src=\"http:\/\/ssreyescmenorca.com\/wp-content\/uploads\/2026\/02\/7848be89-be15-4442-9b65-d77b08e151b8-1024x768.jpg\" alt=\"\" class=\"wp-image-3477\" srcset=\"http:\/\/ssreyescmenorca.com\/wp-content\/uploads\/2026\/02\/7848be89-be15-4442-9b65-d77b08e151b8-1024x768.jpg 1024w, http:\/\/ssreyescmenorca.com\/wp-content\/uploads\/2026\/02\/7848be89-be15-4442-9b65-d77b08e151b8-300x225.jpg 300w, http:\/\/ssreyescmenorca.com\/wp-content\/uploads\/2026\/02\/7848be89-be15-4442-9b65-d77b08e151b8-768x576.jpg 768w, http:\/\/ssreyescmenorca.com\/wp-content\/uploads\/2026\/02\/7848be89-be15-4442-9b65-d77b08e151b8-1536x1152.jpg 1536w, http:\/\/ssreyescmenorca.com\/wp-content\/uploads\/2026\/02\/7848be89-be15-4442-9b65-d77b08e151b8-1568x1176.jpg 1568w, http:\/\/ssreyescmenorca.com\/wp-content\/uploads\/2026\/02\/7848be89-be15-4442-9b65-d77b08e151b8-600x450.jpg 600w, http:\/\/ssreyescmenorca.com\/wp-content\/uploads\/2026\/02\/7848be89-be15-4442-9b65-d77b08e151b8.jpg 2048w\" sizes=\"auto, (max-width: 1024px) 100vw, 1024px\" \/><\/figure>\n\n\n\n<figure class=\"wp-block-image size-large\"><img loading=\"lazy\" decoding=\"async\" width=\"1024\" height=\"768\" data-id=\"3481\" src=\"http:\/\/ssreyescmenorca.com\/wp-content\/uploads\/2026\/02\/99594fca-4dca-48d4-89d2-b3e0dc9989bf-1024x768.jpg\" alt=\"\" class=\"wp-image-3481\" srcset=\"http:\/\/ssreyescmenorca.com\/wp-content\/uploads\/2026\/02\/99594fca-4dca-48d4-89d2-b3e0dc9989bf-1024x768.jpg 1024w, http:\/\/ssreyescmenorca.com\/wp-content\/uploads\/2026\/02\/99594fca-4dca-48d4-89d2-b3e0dc9989bf-300x225.jpg 300w, http:\/\/ssreyescmenorca.com\/wp-content\/uploads\/2026\/02\/99594fca-4dca-48d4-89d2-b3e0dc9989bf-768x576.jpg 768w, http:\/\/ssreyescmenorca.com\/wp-content\/uploads\/2026\/02\/99594fca-4dca-48d4-89d2-b3e0dc9989bf-1536x1152.jpg 1536w, http:\/\/ssreyescmenorca.com\/wp-content\/uploads\/2026\/02\/99594fca-4dca-48d4-89d2-b3e0dc9989bf-1568x1176.jpg 1568w, http:\/\/ssreyescmenorca.com\/wp-content\/uploads\/2026\/02\/99594fca-4dca-48d4-89d2-b3e0dc9989bf-600x450.jpg 600w, http:\/\/ssreyescmenorca.com\/wp-content\/uploads\/2026\/02\/99594fca-4dca-48d4-89d2-b3e0dc9989bf.jpg 2048w\" sizes=\"auto, (max-width: 1024px) 100vw, 1024px\" \/><\/figure>\n<\/figure>\n","protected":false},"excerpt":{"rendered":"<p>Jornada de Menores 27 \u2013 Pista Cubierta Gallur (14 de febrero) La Pista Cubierta de Gallur acogi\u00f3 el pasado 14 de febrero la Jornada de Menores 27, en la que el club particip\u00f3 con atletas de las categor\u00edas Sub14 y Sub16, todos ellos en la prueba de 1.000 metros. La jornada dej\u00f3 un balance muy&hellip; <a class=\"more-link\" href=\"http:\/\/ssreyescmenorca.com\/?p=3476\">Seguir leyendo <span class=\"screen-reader-text\">Jornada de Menores 27<\/span><\/a><\/p>\n","protected":false},"author":2,"featured_media":3479,"comment_status":"open","ping_status":"open","sticky":false,"template":"","format":"standard","meta":{"footnotes":""},"categories":[3],"tags":[],"class_list":["post-3476","post","type-post","status-publish","format-standard","has-post-thumbnail","hentry","category-noticias","entry"],"_links":{"self":[{"href":"http:\/\/ssreyescmenorca.com\/index.php?rest_route=\/wp\/v2\/posts\/3476","targetHints":{"allow":["GET"]}}],"collection":[{"href":"http:\/\/ssreyescmenorca.com\/index.php?rest_route=\/wp\/v2\/posts"}],"about":[{"href":"http:\/\/ssreyescmenorca.com\/index.php?rest_route=\/wp\/v2\/types\/post"}],"author":[{"embeddable":true,"href":"http:\/\/ssreyescmenorca.com\/index.php?rest_route=\/wp\/v2\/users\/2"}],"replies":[{"embeddable":true,"href":"http:\/\/ssreyescmenorca.com\/index.php?rest_route=%2Fwp%2Fv2%2Fcomments&post=3476"}],"version-history":[{"count":1,"href":"http:\/\/ssreyescmenorca.com\/index.php?rest_route=\/wp\/v2\/posts\/3476\/revisions"}],"predecessor-version":[{"id":3482,"href":"http:\/\/ssreyescmenorca.com\/index.php?rest_route=\/wp\/v2\/posts\/3476\/revisions\/3482"}],"wp:featuredmedia":[{"embeddable":true,"href":"http:\/\/ssreyescmenorca.com\/index.php?rest_route=\/wp\/v2\/media\/3479"}],"wp:attachment":[{"href":"http:\/\/ssreyescmenorca.com\/index.php?rest_route=%2Fwp%2Fv2%2Fmedia&parent=3476"}],"wp:term":[{"taxonomy":"category","embeddable":true,"href":"http:\/\/ssreyescmenorca.com\/index.php?rest_route=%2Fwp%2Fv2%2Fcategories&post=3476"},{"taxonomy":"post_tag","embeddable":true,"href":"http:\/\/ssreyescmenorca.com\/index.php?rest_route=%2Fwp%2Fv2%2Ftags&post=3476"}],"curies":[{"name":"wp","href":"https:\/\/api.w.org\/{rel}","templated":true}]}}