{"id":3473,"date":"2026-02-16T17:45:28","date_gmt":"2026-02-16T17:45:28","guid":{"rendered":"http:\/\/ssreyescmenorca.com\/?p=3473"},"modified":"2026-02-16T17:58:47","modified_gmt":"2026-02-16T17:58:47","slug":"campeonato-de-madrid-absoluto-de-pista-cubierta","status":"publish","type":"post","link":"http:\/\/ssreyescmenorca.com\/?p=3473","title":{"rendered":"Campeonato de Madrid Absoluto de Pista Cubierta"},"content":{"rendered":"\n<p><strong>Campeonato de Madrid Absoluto de Pista Cubierta \u2013 Gallur (14 y 15 de febrero)<\/strong><\/p>\n\n\n\n<p>La Pista Cubierta de Gallur acogi\u00f3 durante los d\u00edas 14 y 15 de febrero el Campeonato de Madrid Absoluto, una cita que el equipo afront\u00f3 como una competici\u00f3n de seguimiento dentro de la temporada de invierno, pero que dej\u00f3 un balance muy positivo, con numerosas mejores marcas personales, buenas sensaciones y una destacada participaci\u00f3n en pruebas de velocidad y mediofondo.<\/p>\n\n\n\n<p>En las pruebas de velocidad, los resultados reflejaron una clara progresi\u00f3n.<\/p>\n\n\n\n<p>Nerea Garc\u00eda compiti\u00f3 en los 200 metros el primer d\u00eda, igualando su mejor marca personal con <strong>28.40<\/strong>. En la jornada del s\u00e1bado volvi\u00f3 a la pista para disputar el <strong>60 metros<\/strong>, donde logr\u00f3 una <strong>MMP de 8.59<\/strong>. <\/p>\n\n\n\n<p>Tambi\u00e9n en el 60 metros, <strong>David Garc\u00e9s<\/strong> cerr\u00f3 su temporada de pista cubierta con una excelente marca de <strong>7.84<\/strong>, mejorando en <strong>22 cent\u00e9simas<\/strong> su registro del invierno. Por su parte, <strong>Angyelismar Mora<\/strong>, tras un peque\u00f1o tropiezo en los primeros apoyos, finaliz\u00f3 con <strong>9.59<\/strong>. <\/p>\n\n\n\n<p>En categor\u00eda Sub16, disputada el s\u00e1bado por la tarde, el equipo firm\u00f3 una gran actuaci\u00f3n en el 60 metros:<\/p>\n\n\n\n<p><strong>Chicos<\/strong><\/p>\n\n\n\n<ul class=\"wp-block-list\">\n<li>Camilo Estrada: <strong>8.45 (MMP)<\/strong> \u2013 1\u00ba de su serie<\/li>\n\n\n\n<li>Diego Rivero: <strong>8.93 (MMP)<\/strong> \u2013 4\u00ba de su serie<\/li>\n<\/ul>\n\n\n\n<p><strong>Chicas<\/strong><\/p>\n\n\n\n<ul class=\"wp-block-list\">\n<li>Sof\u00eda \u00c1lvarez: <strong>8.36 (MMP)<\/strong> \u2013 1\u00aa de su serie<\/li>\n\n\n\n<li>Natalia Higueras: <strong>8.82<\/strong> \u2013 3\u00aa<\/li>\n\n\n\n<li>Adriana Barrio: <strong>9.07 (MMP)<\/strong> \u2013 4\u00aa<\/li>\n\n\n\n<li>Catalina Garc\u00eda: <strong>9.52 (MMP)<\/strong> \u2013 1\u00aa<\/li>\n<\/ul>\n\n\n\n<p>En el turno del mediofondo, con siete atletas en competici\u00f3n.<\/p>\n\n\n\n<p><strong>1500 metros<\/strong><\/p>\n\n\n\n<ul class=\"wp-block-list\">\n<li>Paula Mart\u00edn: <strong>3\u00aa \u2013 5:16.33<\/strong>, tras intentar endurecer la carrera en el \u00faltimo tramo.<\/li>\n\n\n\n<li>Mara Bautista: <strong>8\u00aa \u2013 5:51.22<\/strong>, remontando posiciones en el final.<\/li>\n\n\n\n<li>\u00c1lvaro Llinares: <strong>3\u00ba \u2013 4:04.19<\/strong>, gran remontada en los \u00faltimos 500 m tras una salida complicada.<\/li>\n\n\n\n<li>Daniel Pariente: <strong>7\u00ba \u2013 4:40.12<\/strong>, acusando el esfuerzo inicial excesivo.<\/li>\n<\/ul>\n\n\n\n<p><strong>800 metros<\/strong><\/p>\n\n\n\n<ul class=\"wp-block-list\">\n<li>Mar\u00eda Alises: <strong>1\u00aa de su serie \u2013 2:48.50<\/strong>, muy s\u00f3lida t\u00e1cticamente y resolviendo en la \u00faltima vuelta.<\/li>\n\n\n\n<li>Ra\u00fal Mart\u00edn: <strong>7\u00ba \u2013 2:09.10<\/strong>, en l\u00ednea ascendente.<\/li>\n\n\n\n<li>Daniel Pariente: <strong>10\u00ba \u2013 2:42.86<\/strong>, tras perder el ritmo en la segunda mitad de la prueba.<\/li>\n<\/ul>\n\n\n\n<p>En la jornada del domingo el equipo contaba con dos atletas inscritos en el <strong>3000 metros<\/strong>, aunque finalmente <strong>Juan Pleite<\/strong> no pudo participar al no haberse recuperado de una ca\u00edda sufrida el fin de semana anterior.<\/p>\n\n\n\n<p>S\u00ed compiti\u00f3 <strong>Paula Mart\u00edn<\/strong>, que realiz\u00f3 una carrera muy trabajada. Tras salir en posiciones retrasadas, fue progresando hasta colocarse en el grupo delantero. En la parte final parec\u00eda asegurar la tercera plaza, pero fue superada a falta de 300 metros, finalizando <strong>4\u00aa con 11:31.42<\/strong>.<\/p>\n","protected":false},"excerpt":{"rendered":"<p>Campeonato de Madrid Absoluto de Pista Cubierta \u2013 Gallur (14 y 15 de febrero) La Pista Cubierta de Gallur acogi\u00f3 durante los d\u00edas 14 y 15 de febrero el Campeonato de Madrid Absoluto, una cita que el equipo afront\u00f3 como una competici\u00f3n de seguimiento dentro de la temporada de invierno, pero que dej\u00f3 un balance&hellip; <a class=\"more-link\" href=\"http:\/\/ssreyescmenorca.com\/?p=3473\">Seguir leyendo <span class=\"screen-reader-text\">Campeonato de Madrid Absoluto de Pista Cubierta<\/span><\/a><\/p>\n","protected":false},"author":2,"featured_media":0,"comment_status":"open","ping_status":"open","sticky":false,"template":"","format":"standard","meta":{"footnotes":""},"categories":[3],"tags":[],"class_list":["post-3473","post","type-post","status-publish","format-standard","hentry","category-noticias","entry"],"_links":{"self":[{"href":"http:\/\/ssreyescmenorca.com\/index.php?rest_route=\/wp\/v2\/posts\/3473","targetHints":{"allow":["GET"]}}],"collection":[{"href":"http:\/\/ssreyescmenorca.com\/index.php?rest_route=\/wp\/v2\/posts"}],"about":[{"href":"http:\/\/ssreyescmenorca.com\/index.php?rest_route=\/wp\/v2\/types\/post"}],"author":[{"embeddable":true,"href":"http:\/\/ssreyescmenorca.com\/index.php?rest_route=\/wp\/v2\/users\/2"}],"replies":[{"embeddable":true,"href":"http:\/\/ssreyescmenorca.com\/index.php?rest_route=%2Fwp%2Fv2%2Fcomments&post=3473"}],"version-history":[{"count":2,"href":"http:\/\/ssreyescmenorca.com\/index.php?rest_route=\/wp\/v2\/posts\/3473\/revisions"}],"predecessor-version":[{"id":3483,"href":"http:\/\/ssreyescmenorca.com\/index.php?rest_route=\/wp\/v2\/posts\/3473\/revisions\/3483"}],"wp:attachment":[{"href":"http:\/\/ssreyescmenorca.com\/index.php?rest_route=%2Fwp%2Fv2%2Fmedia&parent=3473"}],"wp:term":[{"taxonomy":"category","embeddable":true,"href":"http:\/\/ssreyescmenorca.com\/index.php?rest_route=%2Fwp%2Fv2%2Fcategories&post=3473"},{"taxonomy":"post_tag","embeddable":true,"href":"http:\/\/ssreyescmenorca.com\/index.php?rest_route=%2Fwp%2Fv2%2Ftags&post=3473"}],"curies":[{"name":"wp","href":"https:\/\/api.w.org\/{rel}","templated":true}]}}