{"id":3464,"date":"2026-02-16T12:19:12","date_gmt":"2026-02-16T12:19:12","guid":{"rendered":"http:\/\/ssreyescmenorca.com\/?p=3464"},"modified":"2026-02-16T12:19:13","modified_gmt":"2026-02-16T12:19:13","slug":"l-campeonato-de-espana-de-10-km-en-ruta-carrera-por-los-huerfnos-de-la-violencia-de-genero-41a-edicion-del-medio-maraton-fuencarral-el-pardo-y-xii-we-run-ciudad-de-parla","status":"publish","type":"post","link":"http:\/\/ssreyescmenorca.com\/?p=3464","title":{"rendered":"l Campeonato de Espa\u00f1a de 10 km en ruta, Carrera por los Huerf@nos de la Violencia de G\u00e9nero, 41a edici\u00f3n del Medio Marat\u00f3n Fuencarral-El Pardo y XII We Run Ciudad de Parla"},"content":{"rendered":"\n<p>El domingo 15 de febrero de 2026 fue una jornada repleta de emociones para nuestros atletas, que se dieron cita en distintas pruebas:<\/p>\n\n\n\n<p>En Ibiza se celebr\u00f3 el <strong>Campeonato de Espa\u00f1a de 10 km en ruta 2026<\/strong>, dentro de la Ibiza-Platja d&#8217;en Bossa. Con un circuito r\u00e1pido junto al nivel del mar, la prueba reuni\u00f3 a atletas de gran nivel, entre los que destacaron <strong>Javier Mart\u00ednez<\/strong>, ganador en su grupo, y <strong>\u00c1ngel Lebrero<\/strong>, que logr\u00f3 un meritorio tercer puesto en el suyo.<\/p>\n\n\n\n<figure class=\"wp-block-gallery has-nested-images columns-default is-cropped wp-block-gallery-1 is-layout-flex wp-block-gallery-is-layout-flex\">\n<figure class=\"wp-block-image size-large\"><img loading=\"lazy\" decoding=\"async\" width=\"827\" height=\"1024\" data-id=\"3466\" src=\"http:\/\/ssreyescmenorca.com\/wp-content\/uploads\/2026\/02\/WhatsApp-Image-2026-02-15-at-14.50.23-827x1024.jpeg\" alt=\"\" class=\"wp-image-3466\" srcset=\"http:\/\/ssreyescmenorca.com\/wp-content\/uploads\/2026\/02\/WhatsApp-Image-2026-02-15-at-14.50.23-827x1024.jpeg 827w, http:\/\/ssreyescmenorca.com\/wp-content\/uploads\/2026\/02\/WhatsApp-Image-2026-02-15-at-14.50.23-242x300.jpeg 242w, http:\/\/ssreyescmenorca.com\/wp-content\/uploads\/2026\/02\/WhatsApp-Image-2026-02-15-at-14.50.23-768x951.jpeg 768w, http:\/\/ssreyescmenorca.com\/wp-content\/uploads\/2026\/02\/WhatsApp-Image-2026-02-15-at-14.50.23-600x743.jpeg 600w, http:\/\/ssreyescmenorca.com\/wp-content\/uploads\/2026\/02\/WhatsApp-Image-2026-02-15-at-14.50.23.jpeg 1080w\" sizes=\"auto, (max-width: 827px) 100vw, 827px\" \/><\/figure>\n\n\n\n<figure class=\"wp-block-image size-large\"><img loading=\"lazy\" decoding=\"async\" width=\"560\" height=\"639\" data-id=\"3465\" src=\"http:\/\/ssreyescmenorca.com\/wp-content\/uploads\/2026\/02\/WhatsApp-Image-2026-02-15-at-14.51.23.jpeg\" alt=\"\" class=\"wp-image-3465\" srcset=\"http:\/\/ssreyescmenorca.com\/wp-content\/uploads\/2026\/02\/WhatsApp-Image-2026-02-15-at-14.51.23.jpeg 560w, http:\/\/ssreyescmenorca.com\/wp-content\/uploads\/2026\/02\/WhatsApp-Image-2026-02-15-at-14.51.23-263x300.jpeg 263w\" sizes=\"auto, (max-width: 560px) 100vw, 560px\" \/><\/figure>\n<\/figure>\n\n\n\n<p><br>En la <strong>Carrera por los Huerf@nos de la Violencia de G\u00e9nero <\/strong>en Madrid, con salida y meta en el Paseo de Camoens, nuestro club estuvo representado por <strong>Sergio Salinero<\/strong>, quien se impuso logrando la primera posici\u00f3n absoluta, seguido de <strong>Juan Carlos Monta <\/strong>(5o), vencedor en su categor\u00eda.<\/p>\n\n\n\n<figure class=\"wp-block-gallery has-nested-images columns-default is-cropped wp-block-gallery-2 is-layout-flex wp-block-gallery-is-layout-flex\">\n<figure class=\"wp-block-image size-large\"><img loading=\"lazy\" decoding=\"async\" width=\"988\" height=\"890\" data-id=\"3467\" src=\"http:\/\/ssreyescmenorca.com\/wp-content\/uploads\/2026\/02\/WhatsApp-Image-2026-02-15-at-14.21.50.jpeg\" alt=\"\" class=\"wp-image-3467\" srcset=\"http:\/\/ssreyescmenorca.com\/wp-content\/uploads\/2026\/02\/WhatsApp-Image-2026-02-15-at-14.21.50.jpeg 988w, http:\/\/ssreyescmenorca.com\/wp-content\/uploads\/2026\/02\/WhatsApp-Image-2026-02-15-at-14.21.50-300x270.jpeg 300w, http:\/\/ssreyescmenorca.com\/wp-content\/uploads\/2026\/02\/WhatsApp-Image-2026-02-15-at-14.21.50-768x692.jpeg 768w, http:\/\/ssreyescmenorca.com\/wp-content\/uploads\/2026\/02\/WhatsApp-Image-2026-02-15-at-14.21.50-600x540.jpeg 600w\" sizes=\"auto, (max-width: 988px) 100vw, 988px\" \/><\/figure>\n\n\n\n<figure class=\"wp-block-image size-large\"><img loading=\"lazy\" decoding=\"async\" width=\"768\" height=\"1024\" data-id=\"3468\" src=\"http:\/\/ssreyescmenorca.com\/wp-content\/uploads\/2026\/02\/WhatsApp-Image-2026-02-15-at-13.38.46-768x1024.jpeg\" alt=\"\" class=\"wp-image-3468\" srcset=\"http:\/\/ssreyescmenorca.com\/wp-content\/uploads\/2026\/02\/WhatsApp-Image-2026-02-15-at-13.38.46-768x1024.jpeg 768w, http:\/\/ssreyescmenorca.com\/wp-content\/uploads\/2026\/02\/WhatsApp-Image-2026-02-15-at-13.38.46-225x300.jpeg 225w, http:\/\/ssreyescmenorca.com\/wp-content\/uploads\/2026\/02\/WhatsApp-Image-2026-02-15-at-13.38.46-1152x1536.jpeg 1152w, http:\/\/ssreyescmenorca.com\/wp-content\/uploads\/2026\/02\/WhatsApp-Image-2026-02-15-at-13.38.46-600x800.jpeg 600w, http:\/\/ssreyescmenorca.com\/wp-content\/uploads\/2026\/02\/WhatsApp-Image-2026-02-15-at-13.38.46.jpeg 1200w\" sizes=\"auto, (max-width: 768px) 100vw, 768px\" \/><\/figure>\n<\/figure>\n\n\n\n<p><br>La <strong>41a edici\u00f3n del Medio Marat\u00f3n Fuencarral-El Pardo<\/strong>, con 21 km y 400 m de desnivel, reuni\u00f3 a cerca de 3.000 corredores. La carrera, organizada por la Asociaci\u00f3n de Vecinos Valverde de Fuencarral y el Distrito de Fuencarral-El Pardo, tuvo como protagonistas a <strong>Alejandra S\u00e1nchez Massa<\/strong>, segunda entre las chicas, y <strong>Carlos Mancebo<\/strong>, d\u00e9cimo en categor\u00eda masculina.<\/p>\n\n\n\n<figure class=\"wp-block-gallery has-nested-images columns-default is-cropped wp-block-gallery-3 is-layout-flex wp-block-gallery-is-layout-flex\">\n<figure class=\"wp-block-image size-large\"><img loading=\"lazy\" decoding=\"async\" width=\"768\" height=\"1024\" data-id=\"3469\" src=\"http:\/\/ssreyescmenorca.com\/wp-content\/uploads\/2026\/02\/WhatsApp-Image-2026-02-15-at-13.30.53-768x1024.jpeg\" alt=\"\" class=\"wp-image-3469\" srcset=\"http:\/\/ssreyescmenorca.com\/wp-content\/uploads\/2026\/02\/WhatsApp-Image-2026-02-15-at-13.30.53-768x1024.jpeg 768w, http:\/\/ssreyescmenorca.com\/wp-content\/uploads\/2026\/02\/WhatsApp-Image-2026-02-15-at-13.30.53-225x300.jpeg 225w, http:\/\/ssreyescmenorca.com\/wp-content\/uploads\/2026\/02\/WhatsApp-Image-2026-02-15-at-13.30.53-1152x1536.jpeg 1152w, http:\/\/ssreyescmenorca.com\/wp-content\/uploads\/2026\/02\/WhatsApp-Image-2026-02-15-at-13.30.53-600x800.jpeg 600w, http:\/\/ssreyescmenorca.com\/wp-content\/uploads\/2026\/02\/WhatsApp-Image-2026-02-15-at-13.30.53.jpeg 1200w\" sizes=\"auto, (max-width: 768px) 100vw, 768px\" \/><\/figure>\n<\/figure>\n\n\n\n<p><br>Mientras que en la <strong>XII We Run Ciudad de Parla (10K)<\/strong>, organizada por e3 EVENTOS, <strong>Pedro De La Mata <\/strong>logr\u00f3 el 2o puesto en categor\u00eda senior y 5o de la general, mientras que <strong>Luis Miguel Jim\u00e9nez <\/strong>consigui\u00f3 el tercer puesto de su categor\u00eda.<\/p>\n\n\n\n<figure class=\"wp-block-gallery has-nested-images columns-default is-cropped wp-block-gallery-4 is-layout-flex wp-block-gallery-is-layout-flex\">\n<figure class=\"wp-block-image size-large\"><img loading=\"lazy\" decoding=\"async\" width=\"771\" height=\"1024\" data-id=\"3470\" src=\"http:\/\/ssreyescmenorca.com\/wp-content\/uploads\/2026\/02\/WhatsApp-Image-2026-02-15-at-13.33.33-771x1024.jpeg\" alt=\"\" class=\"wp-image-3470\" srcset=\"http:\/\/ssreyescmenorca.com\/wp-content\/uploads\/2026\/02\/WhatsApp-Image-2026-02-15-at-13.33.33-771x1024.jpeg 771w, http:\/\/ssreyescmenorca.com\/wp-content\/uploads\/2026\/02\/WhatsApp-Image-2026-02-15-at-13.33.33-226x300.jpeg 226w, http:\/\/ssreyescmenorca.com\/wp-content\/uploads\/2026\/02\/WhatsApp-Image-2026-02-15-at-13.33.33-768x1020.jpeg 768w, http:\/\/ssreyescmenorca.com\/wp-content\/uploads\/2026\/02\/WhatsApp-Image-2026-02-15-at-13.33.33-1157x1536.jpeg 1157w, http:\/\/ssreyescmenorca.com\/wp-content\/uploads\/2026\/02\/WhatsApp-Image-2026-02-15-at-13.33.33-600x797.jpeg 600w, http:\/\/ssreyescmenorca.com\/wp-content\/uploads\/2026\/02\/WhatsApp-Image-2026-02-15-at-13.33.33.jpeg 1536w\" sizes=\"auto, (max-width: 771px) 100vw, 771px\" \/><\/figure>\n\n\n\n<figure class=\"wp-block-image size-large\"><img loading=\"lazy\" decoding=\"async\" width=\"576\" height=\"1024\" data-id=\"3471\" src=\"http:\/\/ssreyescmenorca.com\/wp-content\/uploads\/2026\/02\/WhatsApp-Image-2026-02-15-at-13.30.08-576x1024.jpeg\" alt=\"\" class=\"wp-image-3471\" srcset=\"http:\/\/ssreyescmenorca.com\/wp-content\/uploads\/2026\/02\/WhatsApp-Image-2026-02-15-at-13.30.08-576x1024.jpeg 576w, http:\/\/ssreyescmenorca.com\/wp-content\/uploads\/2026\/02\/WhatsApp-Image-2026-02-15-at-13.30.08-169x300.jpeg 169w, http:\/\/ssreyescmenorca.com\/wp-content\/uploads\/2026\/02\/WhatsApp-Image-2026-02-15-at-13.30.08-768x1365.jpeg 768w, http:\/\/ssreyescmenorca.com\/wp-content\/uploads\/2026\/02\/WhatsApp-Image-2026-02-15-at-13.30.08-864x1536.jpeg 864w, http:\/\/ssreyescmenorca.com\/wp-content\/uploads\/2026\/02\/WhatsApp-Image-2026-02-15-at-13.30.08-600x1067.jpeg 600w, http:\/\/ssreyescmenorca.com\/wp-content\/uploads\/2026\/02\/WhatsApp-Image-2026-02-15-at-13.30.08.jpeg 1152w\" sizes=\"auto, (max-width: 576px) 100vw, 576px\" \/><\/figure>\n<\/figure>\n","protected":false},"excerpt":{"rendered":"<p>El domingo 15 de febrero de 2026 fue una jornada repleta de emociones para nuestros atletas, que se dieron cita en distintas pruebas: En Ibiza se celebr\u00f3 el Campeonato de Espa\u00f1a de 10 km en ruta 2026, dentro de la Ibiza-Platja d&#8217;en Bossa. Con un circuito r\u00e1pido junto al nivel del mar, la prueba reuni\u00f3&hellip; <a class=\"more-link\" href=\"http:\/\/ssreyescmenorca.com\/?p=3464\">Seguir leyendo <span class=\"screen-reader-text\">l Campeonato de Espa\u00f1a de 10 km en ruta, Carrera por los Huerf@nos de la Violencia de G\u00e9nero, 41a edici\u00f3n del Medio Marat\u00f3n Fuencarral-El Pardo y XII We Run Ciudad de Parla<\/span><\/a><\/p>\n","protected":false},"author":2,"featured_media":3465,"comment_status":"open","ping_status":"open","sticky":false,"template":"","format":"standard","meta":{"footnotes":""},"categories":[3],"tags":[],"class_list":["post-3464","post","type-post","status-publish","format-standard","has-post-thumbnail","hentry","category-noticias","entry"],"_links":{"self":[{"href":"http:\/\/ssreyescmenorca.com\/index.php?rest_route=\/wp\/v2\/posts\/3464","targetHints":{"allow":["GET"]}}],"collection":[{"href":"http:\/\/ssreyescmenorca.com\/index.php?rest_route=\/wp\/v2\/posts"}],"about":[{"href":"http:\/\/ssreyescmenorca.com\/index.php?rest_route=\/wp\/v2\/types\/post"}],"author":[{"embeddable":true,"href":"http:\/\/ssreyescmenorca.com\/index.php?rest_route=\/wp\/v2\/users\/2"}],"replies":[{"embeddable":true,"href":"http:\/\/ssreyescmenorca.com\/index.php?rest_route=%2Fwp%2Fv2%2Fcomments&post=3464"}],"version-history":[{"count":1,"href":"http:\/\/ssreyescmenorca.com\/index.php?rest_route=\/wp\/v2\/posts\/3464\/revisions"}],"predecessor-version":[{"id":3472,"href":"http:\/\/ssreyescmenorca.com\/index.php?rest_route=\/wp\/v2\/posts\/3464\/revisions\/3472"}],"wp:featuredmedia":[{"embeddable":true,"href":"http:\/\/ssreyescmenorca.com\/index.php?rest_route=\/wp\/v2\/media\/3465"}],"wp:attachment":[{"href":"http:\/\/ssreyescmenorca.com\/index.php?rest_route=%2Fwp%2Fv2%2Fmedia&parent=3464"}],"wp:term":[{"taxonomy":"category","embeddable":true,"href":"http:\/\/ssreyescmenorca.com\/index.php?rest_route=%2Fwp%2Fv2%2Fcategories&post=3464"},{"taxonomy":"post_tag","embeddable":true,"href":"http:\/\/ssreyescmenorca.com\/index.php?rest_route=%2Fwp%2Fv2%2Ftags&post=3464"}],"curies":[{"name":"wp","href":"https:\/\/api.w.org\/{rel}","templated":true}]}}