{"id":1435,"date":"2023-04-24T15:08:41","date_gmt":"2023-04-24T15:08:41","guid":{"rendered":"http:\/\/ssreyescmenorca.com\/?p=1435"},"modified":"2023-04-24T15:08:42","modified_gmt":"2023-04-24T15:08:42","slug":"jornada-de-menores-28-jornada-de-obstaculos-vicalvaro-y-reunuion-fam-leganes-primavera-i-y-ii","status":"publish","type":"post","link":"http:\/\/ssreyescmenorca.com\/?p=1435","title":{"rendered":"Jornada de Menores 28, Jornada de Obstaculos Vic\u00e1lvaro y Reunui\u00f3n FAM Legan\u00e9s primavera I Y II.\u00a0"},"content":{"rendered":"\n<p><strong>22.04.2023<\/strong><strong>.&nbsp;<\/strong><strong>Jornada de Menores 28. Colmenar Viejo.<\/strong><\/p>\n\n\n\n<p>En la ma\u00f1ana del S\u00e1bado 22 de abril tuvo lugar la Jornada de Menores en Colmenar Viejo.&nbsp;Los atletas sub 12&nbsp;&nbsp;de primer a\u00f1o participaron en el 60m y los chicos en el 60m y longitud. &nbsp;<\/p>\n\n\n\n<p>En primer lugar correr\u00edan las chicas en la prueba de 60ml y se consiguieron los siguientes resultados:&nbsp;<strong>Naia Montero<\/strong>9,32,&nbsp;<strong>Elena Tirado<\/strong>&nbsp;9,68 MMP,&nbsp;<strong>Laura Mart\u00ednez<\/strong>&nbsp;9,92,&nbsp;<strong>Ariadna Rodr\u00edguez<\/strong>&nbsp;10.01,&nbsp;<strong>Martina Rodr\u00edguez<\/strong>&nbsp;10.39,&nbsp;<strong>Eva Romero<\/strong>&nbsp;10.60,&nbsp;<strong>Carlota Pombo<\/strong>&nbsp;10.68,&nbsp;<strong>Nerea Vallas<\/strong>&nbsp;10.90,&nbsp;<strong>Adriana Flores<\/strong>&nbsp;11.06,&nbsp;<strong>Sara Pintor<\/strong>&nbsp;11.22&nbsp;,<strong>Emma Pintor<\/strong>11.40,&nbsp;<strong>Alice de Felipe<\/strong>&nbsp;10.32, se estreno en la prueba.&nbsp;<\/p>\n\n\n\n<p>Al terminar las chicas compitieron los chicos en el 60ml:&nbsp;<strong>Mario Plaza<\/strong>&nbsp;10.23 se estren\u00f3 en la prueba y&nbsp;<strong>Gaizka Soria<\/strong>12.90.&nbsp;<\/p>\n\n\n\n<p>Y en longitud:\u00a0<strong>Mario Plaza<\/strong>\u00a02,85 se estren\u00f3 en la prueba\u00a0y\u00a0<strong>Gaizka Soria<\/strong>\u00a02,33 m MMP.\u00a0<br><\/p>\n\n\n\n<p>Los atletas sub 12 de segundo a\u00f1o tambi\u00e9n participaron en la competici\u00f3n en la prueba de 60m y longitud. La clasificaci\u00f3n del 60m femenino fue:\u00a0<strong>Sof\u00eda \u00c1lvarez<\/strong>, en 2\u00aa posici\u00f3n (serie 1), con un tiempo de 8.84,\u00a0<strong>Aitana P\u00e9rez<\/strong>, en 2\u00aa posici\u00f3n (serie 2), con un tiempo de 9:58,\u00a0<strong>Carla P\u00e9rez<\/strong>, en 3\u00aa posici\u00f3n (serie 3), con un tiempo de 9.81,\u00a0<strong>Alba L\u00f3pez,<\/strong>\u00a0en 3\u00aa posici\u00f3n (serie 5), con un tiempo de 10.06,\u00a0<strong>Zuri Cancela<\/strong>, en 1\u00aa posici\u00f3n (serie 6), con un tiempo de 9.96,\u00a0<strong>Valeria De Benito,<\/strong>\u00a0en 2\u00aa posici\u00f3n(serie 6), con un tiempo de 10.12, Adriana Barrio, en 4\u00aa posici\u00f3n (serie 6), con un tiempo de 10.23,\u00a0<strong>Nerea Palomo<\/strong>, en 1\u00aa posici\u00f3n (serie 7), con un tiempo de 10.15,\u00a0<strong>Carlota Rueda<\/strong>, en 5\u00aa posici\u00f3n (serie 8), con un tiempo de 10.81 y\u00a0<strong>Olivia Resco<\/strong>, en 1\u00aa posici\u00f3n (serie 10), con un tiempo de 10.45.<\/p>\n\n\n\n<p>La clasificaci\u00f3n del 60m masculino fue:&nbsp;<strong>Alejandro Gonz\u00e1lez<\/strong>,&nbsp;en 1\u00aa posici\u00f3n (serie 2), con un tiempo de 9.60 y&nbsp;<strong>Leo Franco<\/strong>,&nbsp;en 2\u00aa posici\u00f3n (serie 2), con un tiempo de 9.69.<\/p>\n\n\n\n<p>En la longitud masculina contamos con la participaci\u00f3n de&nbsp;<strong>Leo Franco<\/strong>,&nbsp;en 6\u00aa posici\u00f3n, con un salto de 3.20m y&nbsp;<strong>Alejandro Gonz\u00e1lez<\/strong>,&nbsp;en 7\u00aa posici\u00f3n, con un salto de 3.1m.<\/p>\n\n\n\n<p><strong>22.04.2023<\/strong><strong>.&nbsp;<\/strong><strong>Jornada Obst\u00e1culos. Vic\u00e1lvaro<\/strong><\/p>\n\n\n\n<p>El s\u00e1bado se celebr\u00f3 en Vic\u00e1lvaro una jornada de obst\u00e1culos. Asistieron 3 atletas sub 14 del club en la prueba 1000m obst\u00e1culos. Los resultados fueron:\u00a0<strong>Carla Mart\u00edn\u00a0<\/strong>con un tiempo de\u00a0<strong>4:14.23<\/strong>, ha quedado en la posici\u00f3n\u00a0<strong>10 (serie 1) \u2013\u00a0MMP,\u00a0Nerea Garc\u00eda\u00a0<\/strong>con un tiempo de\u00a0<strong>4:23.42<\/strong>, ha quedado en la posici\u00f3n\u00a0<strong>13 (serie 1) &#8211;\u00a0MMP\u00a0<\/strong>\u00a0e\u00a0<strong>Izaskun Soria\u00a0<\/strong>con un tiempo de\u00a0<strong>5:01.71<\/strong>, ha quedado en la posici\u00f3n\u00a0<strong>15 (serie 1)<\/strong>.\u00a0\u00a0<\/p>\n\n\n\n<figure class=\"wp-block-gallery has-nested-images columns-default is-cropped wp-block-gallery-1 is-layout-flex wp-block-gallery-is-layout-flex\">\n<figure class=\"wp-block-image size-large\"><img loading=\"lazy\" decoding=\"async\" width=\"768\" height=\"1024\" data-id=\"1438\" src=\"http:\/\/ssreyescmenorca.com\/wp-content\/uploads\/2023\/04\/9fb5831a-0fd9-46c4-9ff7-338683b5b931.jpg\" alt=\"\" class=\"wp-image-1438\" srcset=\"http:\/\/ssreyescmenorca.com\/wp-content\/uploads\/2023\/04\/9fb5831a-0fd9-46c4-9ff7-338683b5b931.jpg 768w, http:\/\/ssreyescmenorca.com\/wp-content\/uploads\/2023\/04\/9fb5831a-0fd9-46c4-9ff7-338683b5b931-225x300.jpg 225w, http:\/\/ssreyescmenorca.com\/wp-content\/uploads\/2023\/04\/9fb5831a-0fd9-46c4-9ff7-338683b5b931-600x800.jpg 600w\" sizes=\"auto, (max-width: 768px) 100vw, 768px\" \/><\/figure>\n\n\n\n<figure class=\"wp-block-image size-large\"><img loading=\"lazy\" decoding=\"async\" width=\"1024\" height=\"682\" data-id=\"1439\" src=\"http:\/\/ssreyescmenorca.com\/wp-content\/uploads\/2023\/04\/37e576f4-3c8c-4564-a6f8-b96dd21eeec8.jpg\" alt=\"\" class=\"wp-image-1439\" srcset=\"http:\/\/ssreyescmenorca.com\/wp-content\/uploads\/2023\/04\/37e576f4-3c8c-4564-a6f8-b96dd21eeec8.jpg 1024w, http:\/\/ssreyescmenorca.com\/wp-content\/uploads\/2023\/04\/37e576f4-3c8c-4564-a6f8-b96dd21eeec8-300x200.jpg 300w, http:\/\/ssreyescmenorca.com\/wp-content\/uploads\/2023\/04\/37e576f4-3c8c-4564-a6f8-b96dd21eeec8-768x512.jpg 768w, http:\/\/ssreyescmenorca.com\/wp-content\/uploads\/2023\/04\/37e576f4-3c8c-4564-a6f8-b96dd21eeec8-600x400.jpg 600w\" sizes=\"auto, (max-width: 1024px) 100vw, 1024px\" \/><\/figure>\n\n\n\n<figure class=\"wp-block-image size-large\"><img loading=\"lazy\" decoding=\"async\" width=\"1024\" height=\"682\" data-id=\"1437\" src=\"http:\/\/ssreyescmenorca.com\/wp-content\/uploads\/2023\/04\/55afe0a3-46c2-4c21-8903-3639b9092c62.jpg\" alt=\"\" class=\"wp-image-1437\" srcset=\"http:\/\/ssreyescmenorca.com\/wp-content\/uploads\/2023\/04\/55afe0a3-46c2-4c21-8903-3639b9092c62.jpg 1024w, http:\/\/ssreyescmenorca.com\/wp-content\/uploads\/2023\/04\/55afe0a3-46c2-4c21-8903-3639b9092c62-300x200.jpg 300w, http:\/\/ssreyescmenorca.com\/wp-content\/uploads\/2023\/04\/55afe0a3-46c2-4c21-8903-3639b9092c62-768x512.jpg 768w, http:\/\/ssreyescmenorca.com\/wp-content\/uploads\/2023\/04\/55afe0a3-46c2-4c21-8903-3639b9092c62-600x400.jpg 600w\" sizes=\"auto, (max-width: 1024px) 100vw, 1024px\" \/><\/figure>\n\n\n\n<figure class=\"wp-block-image size-large\"><img loading=\"lazy\" decoding=\"async\" width=\"1024\" height=\"682\" data-id=\"1436\" src=\"http:\/\/ssreyescmenorca.com\/wp-content\/uploads\/2023\/04\/74b2f2dc-1f69-4584-8998-52d59126207e.jpg\" alt=\"\" class=\"wp-image-1436\" srcset=\"http:\/\/ssreyescmenorca.com\/wp-content\/uploads\/2023\/04\/74b2f2dc-1f69-4584-8998-52d59126207e.jpg 1024w, http:\/\/ssreyescmenorca.com\/wp-content\/uploads\/2023\/04\/74b2f2dc-1f69-4584-8998-52d59126207e-300x200.jpg 300w, http:\/\/ssreyescmenorca.com\/wp-content\/uploads\/2023\/04\/74b2f2dc-1f69-4584-8998-52d59126207e-768x512.jpg 768w, http:\/\/ssreyescmenorca.com\/wp-content\/uploads\/2023\/04\/74b2f2dc-1f69-4584-8998-52d59126207e-600x400.jpg 600w\" sizes=\"auto, (max-width: 1024px) 100vw, 1024px\" \/><\/figure>\n\n\n\n<figure class=\"wp-block-image size-large\"><img loading=\"lazy\" decoding=\"async\" width=\"682\" height=\"1024\" data-id=\"1441\" src=\"http:\/\/ssreyescmenorca.com\/wp-content\/uploads\/2023\/04\/b9d47398-cc18-4b49-be16-329dca543179.jpg\" alt=\"\" class=\"wp-image-1441\" srcset=\"http:\/\/ssreyescmenorca.com\/wp-content\/uploads\/2023\/04\/b9d47398-cc18-4b49-be16-329dca543179.jpg 682w, http:\/\/ssreyescmenorca.com\/wp-content\/uploads\/2023\/04\/b9d47398-cc18-4b49-be16-329dca543179-200x300.jpg 200w, http:\/\/ssreyescmenorca.com\/wp-content\/uploads\/2023\/04\/b9d47398-cc18-4b49-be16-329dca543179-600x901.jpg 600w\" sizes=\"auto, (max-width: 682px) 100vw, 682px\" \/><\/figure>\n\n\n\n<figure class=\"wp-block-image size-large\"><img loading=\"lazy\" decoding=\"async\" width=\"1024\" height=\"683\" data-id=\"1440\" src=\"http:\/\/ssreyescmenorca.com\/wp-content\/uploads\/2023\/04\/b078dc67-20e3-40cc-a60f-605376c709ae.jpg\" alt=\"\" class=\"wp-image-1440\" srcset=\"http:\/\/ssreyescmenorca.com\/wp-content\/uploads\/2023\/04\/b078dc67-20e3-40cc-a60f-605376c709ae.jpg 1024w, http:\/\/ssreyescmenorca.com\/wp-content\/uploads\/2023\/04\/b078dc67-20e3-40cc-a60f-605376c709ae-300x200.jpg 300w, http:\/\/ssreyescmenorca.com\/wp-content\/uploads\/2023\/04\/b078dc67-20e3-40cc-a60f-605376c709ae-768x512.jpg 768w, http:\/\/ssreyescmenorca.com\/wp-content\/uploads\/2023\/04\/b078dc67-20e3-40cc-a60f-605376c709ae-600x400.jpg 600w\" sizes=\"auto, (max-width: 1024px) 100vw, 1024px\" \/><\/figure>\n\n\n\n<figure class=\"wp-block-image size-large\"><img loading=\"lazy\" decoding=\"async\" width=\"1024\" height=\"682\" data-id=\"1442\" src=\"http:\/\/ssreyescmenorca.com\/wp-content\/uploads\/2023\/04\/fc197345-bebe-4ed2-a550-fa280a70795d.jpg\" alt=\"\" class=\"wp-image-1442\" srcset=\"http:\/\/ssreyescmenorca.com\/wp-content\/uploads\/2023\/04\/fc197345-bebe-4ed2-a550-fa280a70795d.jpg 1024w, http:\/\/ssreyescmenorca.com\/wp-content\/uploads\/2023\/04\/fc197345-bebe-4ed2-a550-fa280a70795d-300x200.jpg 300w, http:\/\/ssreyescmenorca.com\/wp-content\/uploads\/2023\/04\/fc197345-bebe-4ed2-a550-fa280a70795d-768x512.jpg 768w, http:\/\/ssreyescmenorca.com\/wp-content\/uploads\/2023\/04\/fc197345-bebe-4ed2-a550-fa280a70795d-600x400.jpg 600w\" sizes=\"auto, (max-width: 1024px) 100vw, 1024px\" \/><\/figure>\n<\/figure>\n\n\n\n<p><strong>23.04.2023. Reuni\u00f3n FAM Legan\u00e9s Primavera I Y II.&nbsp;<\/strong><\/p>\n\n\n\n<p><strong>Reuni\u00f3n de Legan\u00e9s Primavera I<\/strong><\/p>\n\n\n\n<p>El d\u00eda 23 de abril, algunos de nuestros atletas sub16 han participado en la Reuni\u00f3n de Legan\u00e9s Primavera I celebrada en Legan\u00e9s, los atletas que han participado lo han hecho en la prueba de 100mv. El primero en competir en la prueba de&nbsp;<strong>100mv<\/strong>, fue&nbsp;<strong>Oliver<\/strong>, que al igual que sus compa\u00f1eras, se enfrentaba por primera vez a los 100mv. A pesar de los nervios, hizo una muy buena marca de&nbsp;<strong>16.90<\/strong>&nbsp;quedando el quinto de su serie.&nbsp;<\/p>\n\n\n\n<p>Tras Oliver fue el turno de las chicas, que tambi\u00e9n estaban muy nerviosas. La primera fue&nbsp;<strong>Alba<\/strong>, que paro el crono en&nbsp;<strong>19.74<\/strong>, quedando en sexta posici\u00f3n de su serie. Tras alba, fue el turno de&nbsp;<strong>Naiala<\/strong>, que hizo el 100mv en&nbsp;<strong>18.87<\/strong>&nbsp;y quedando en cuarta posici\u00f3n dentro de su serie.<\/p>\n\n\n\n<p><strong>Zulema Garc\u00eda Gamarra<\/strong>&nbsp;despu\u00e9s de varios a\u00f1os volv\u00eda a la competici\u00f3n.&nbsp;Particip\u00f3 en la prueba de salto de triple salto absoluto. Primer salto nulo, segundo salto nulo, le echa garra y en su \u00faltimo salto consigue hacerlo v\u00e1lido llegando a los 10.81m.&nbsp;<\/p>\n\n\n\n<p><strong>Daniel Crespo<\/strong>\u00a0particip\u00f3 en la prueba de 100mv sub 16 parando el crono en 21.85.<\/p>\n\n\n\n<figure class=\"wp-block-gallery has-nested-images columns-default is-cropped wp-block-gallery-2 is-layout-flex wp-block-gallery-is-layout-flex\">\n<figure class=\"wp-block-image size-large\"><img loading=\"lazy\" decoding=\"async\" width=\"848\" height=\"480\" data-id=\"1443\" src=\"http:\/\/ssreyescmenorca.com\/wp-content\/uploads\/2023\/04\/VideoCapture_20230423-130559.jpg\" alt=\"\" class=\"wp-image-1443\" srcset=\"http:\/\/ssreyescmenorca.com\/wp-content\/uploads\/2023\/04\/VideoCapture_20230423-130559.jpg 848w, http:\/\/ssreyescmenorca.com\/wp-content\/uploads\/2023\/04\/VideoCapture_20230423-130559-300x170.jpg 300w, http:\/\/ssreyescmenorca.com\/wp-content\/uploads\/2023\/04\/VideoCapture_20230423-130559-768x435.jpg 768w, http:\/\/ssreyescmenorca.com\/wp-content\/uploads\/2023\/04\/VideoCapture_20230423-130559-600x340.jpg 600w\" sizes=\"auto, (max-width: 848px) 100vw, 848px\" \/><\/figure>\n\n\n\n<figure class=\"wp-block-image size-large\"><img loading=\"lazy\" decoding=\"async\" width=\"1024\" height=\"1024\" data-id=\"1444\" src=\"http:\/\/ssreyescmenorca.com\/wp-content\/uploads\/2023\/04\/53AE1AC9-3422-420C-BBDF-8B4A1E4CC17C-1024x1024.jpg\" alt=\"\" class=\"wp-image-1444\" srcset=\"http:\/\/ssreyescmenorca.com\/wp-content\/uploads\/2023\/04\/53AE1AC9-3422-420C-BBDF-8B4A1E4CC17C-1024x1024.jpg 1024w, http:\/\/ssreyescmenorca.com\/wp-content\/uploads\/2023\/04\/53AE1AC9-3422-420C-BBDF-8B4A1E4CC17C-300x300.jpg 300w, http:\/\/ssreyescmenorca.com\/wp-content\/uploads\/2023\/04\/53AE1AC9-3422-420C-BBDF-8B4A1E4CC17C-150x150.jpg 150w, http:\/\/ssreyescmenorca.com\/wp-content\/uploads\/2023\/04\/53AE1AC9-3422-420C-BBDF-8B4A1E4CC17C-768x768.jpg 768w, http:\/\/ssreyescmenorca.com\/wp-content\/uploads\/2023\/04\/53AE1AC9-3422-420C-BBDF-8B4A1E4CC17C-450x450.jpg 450w, http:\/\/ssreyescmenorca.com\/wp-content\/uploads\/2023\/04\/53AE1AC9-3422-420C-BBDF-8B4A1E4CC17C-600x600.jpg 600w, http:\/\/ssreyescmenorca.com\/wp-content\/uploads\/2023\/04\/53AE1AC9-3422-420C-BBDF-8B4A1E4CC17C-100x100.jpg 100w, http:\/\/ssreyescmenorca.com\/wp-content\/uploads\/2023\/04\/53AE1AC9-3422-420C-BBDF-8B4A1E4CC17C.jpg 1440w\" sizes=\"auto, (max-width: 1024px) 100vw, 1024px\" \/><\/figure>\n<\/figure>\n\n\n\n<p><strong>Reuni\u00f3n de Legan\u00e9s Primavera II<\/strong><\/p>\n\n\n\n<p>Por la tarde se celebr\u00f3 la segunda jornada. Lo primero que comentaremos fue la&nbsp;<strong>longitud<\/strong>&nbsp;<strong>femenina<\/strong>.&nbsp;<strong>Aitana<\/strong>&nbsp;fue la primera de las chicas en competir y lo hizo superando su barrera de los 4m con un salto de&nbsp;<strong>4.19m<\/strong>. tras ella fue el turno de&nbsp;<strong>Angela y de Alba<\/strong>, que hicieron una marca de&nbsp;<strong>4.17m y 3.94m<\/strong>&nbsp;respectivamente. La siguiente serie de longitud fue la de&nbsp;<strong>Laura, Adriana y Naiala<\/strong>, que hicieron unos muy buenos saltos, todos ellos por encima de los 4m. Laura salto&nbsp;<strong>4.38m<\/strong>, Adriana&nbsp;<strong>4m<\/strong>&nbsp;y Naiala salt\u00f3&nbsp;<strong>4.40m<\/strong>.<\/p>\n\n\n\n<p>Adem\u00e1s de las chicas, tanto Oliver como Rub\u00e9n, tambi\u00e9n participaron en la&nbsp;<strong>longitud.&nbsp;<\/strong>El primero de los dos, fue&nbsp;<strong>Rub\u00e9n<\/strong>, que hizo una marca de&nbsp;<strong>4.78m.<\/strong>&nbsp;Despu\u00e9s fue el turno de&nbsp;<strong>Oliver<\/strong>, que hizo un salto de&nbsp;<strong>5.13m.&nbsp;<\/strong><\/p>\n\n\n\n<p>Tras la longitud, los atletas participaron en los&nbsp;<strong>100ml.&nbsp;<\/strong>Las primeras en participar fueron nuevamente las chicas. Las primeras en competir, fueron&nbsp;<strong>Adriana, Alba, Angela y Aitana,<\/strong>&nbsp;que hicieron un carrer\u00f3n, parando el crono en&nbsp;<strong>13.69 , 13.89<\/strong>&nbsp;,&nbsp;<strong>13.98 y 14.36<\/strong>&nbsp;respectivamente. Las siguientes fueron&nbsp;<strong>Cristina y Claudia<\/strong>, que hicieron una muy buena carrera con un tiempo de&nbsp;<strong>14.96<\/strong>&nbsp;por parte de Cristina y de&nbsp;<strong>15.09<\/strong>&nbsp;por parte de Claudia. Tras ella corr\u00edan&nbsp;<strong>Laura y Mara<\/strong>, que lo hicieron en&nbsp;<strong>14.30 y 16.12<\/strong>&nbsp;respectivamente. La \u00faltima chica en competir fue&nbsp;<strong>Naiala<\/strong>, que hizo una carrera espectacular a nada de bajar de los 13 segundos, parando el crono en&nbsp;<strong>13.15.<\/strong><\/p>\n\n\n\n<p>Y nuevamente tras las chicas, fue el turno de los chicos. El primero en correr fue\u00a0<strong>Oliver<\/strong>, que lo hizo en 1<strong>2.55.<\/strong>\u00a0Tras \u00e9l, fue\u00a0<strong>Rub\u00e9n<\/strong>, que hizo una carrera espectacular, parando el corno en\u00a0<strong>12.82.Zulema Garc\u00eda\u00a0<\/strong>en la prueba de longitud que se estrenaba despu\u00e9s de estar 5 a\u00f1os fuera de las pistas con una muy buena marca de 5.04. Luego tocaba el turno de los 100m. La primera en participar fue\u00a0\u00a0<strong>Gabriela Blanco<\/strong>\u00a0en la serie 7 que pulveriza a su marca personal por un segundo, par\u00f3 el crono en 13.51, En la siguiente serie sal\u00eda\u00a0<strong>Renata Simone<\/strong>\u00a0que para el crono en 14.51. Nos vamos a la serie 12 en la que se hac\u00eda con la\u00a0victoria<strong> Rhianna Garc\u00eda<\/strong>\u00a0parando el crono en 13.81, Turno de\u00a0<strong>Ariadna Su\u00e1rez<\/strong>\u00a0que par\u00f3 el crono en 16.76 y en la serie 16,\u00a0<strong>Irina Gorrochategui<\/strong>\u00a0por fin consigue poder correr un 100ml, ya que hasta ahora las lesiones no se lo hab\u00edan permitido y consigui\u00f3 parar el crono en 14.76. Por \u00faltimo, pero no menos importe\u00a0<strong>Marina Novo<\/strong>\u00a0consegu\u00eda parar el crono en 15.61.<\/p>\n\n\n\n<p><strong>Gabriel S\u00e1nchez<\/strong> y <strong>Alejandro Mart\u00edn<\/strong> participaron en la prueba de longitud. Ambos estuvieron cerca de mejorar su marca pero se quedaron en 5.30 y 5.25 respectivamente. <\/p>\n\n\n\n<figure class=\"wp-block-gallery has-nested-images columns-default is-cropped wp-block-gallery-3 is-layout-flex wp-block-gallery-is-layout-flex\">\n<figure class=\"wp-block-image size-large\"><img loading=\"lazy\" decoding=\"async\" width=\"821\" height=\"1024\" data-id=\"1445\" src=\"http:\/\/ssreyescmenorca.com\/wp-content\/uploads\/2023\/04\/77F3D20B-342D-4BD2-858D-852411411825-821x1024.jpg\" alt=\"\" class=\"wp-image-1445\" srcset=\"http:\/\/ssreyescmenorca.com\/wp-content\/uploads\/2023\/04\/77F3D20B-342D-4BD2-858D-852411411825-821x1024.jpg 821w, http:\/\/ssreyescmenorca.com\/wp-content\/uploads\/2023\/04\/77F3D20B-342D-4BD2-858D-852411411825-241x300.jpg 241w, http:\/\/ssreyescmenorca.com\/wp-content\/uploads\/2023\/04\/77F3D20B-342D-4BD2-858D-852411411825-768x957.jpg 768w, http:\/\/ssreyescmenorca.com\/wp-content\/uploads\/2023\/04\/77F3D20B-342D-4BD2-858D-852411411825-1232x1536.jpg 1232w, http:\/\/ssreyescmenorca.com\/wp-content\/uploads\/2023\/04\/77F3D20B-342D-4BD2-858D-852411411825-600x748.jpg 600w, http:\/\/ssreyescmenorca.com\/wp-content\/uploads\/2023\/04\/77F3D20B-342D-4BD2-858D-852411411825.jpg 1440w\" sizes=\"auto, (max-width: 821px) 100vw, 821px\" \/><\/figure>\n\n\n\n<figure class=\"wp-block-image size-large\"><img loading=\"lazy\" decoding=\"async\" width=\"1024\" height=\"1024\" data-id=\"1446\" src=\"http:\/\/ssreyescmenorca.com\/wp-content\/uploads\/2023\/04\/BAD7832C-7609-4B0A-9532-5F89265B4AEE-1024x1024.jpg\" alt=\"\" class=\"wp-image-1446\" srcset=\"http:\/\/ssreyescmenorca.com\/wp-content\/uploads\/2023\/04\/BAD7832C-7609-4B0A-9532-5F89265B4AEE-1024x1024.jpg 1024w, http:\/\/ssreyescmenorca.com\/wp-content\/uploads\/2023\/04\/BAD7832C-7609-4B0A-9532-5F89265B4AEE-300x300.jpg 300w, http:\/\/ssreyescmenorca.com\/wp-content\/uploads\/2023\/04\/BAD7832C-7609-4B0A-9532-5F89265B4AEE-150x150.jpg 150w, http:\/\/ssreyescmenorca.com\/wp-content\/uploads\/2023\/04\/BAD7832C-7609-4B0A-9532-5F89265B4AEE-768x768.jpg 768w, http:\/\/ssreyescmenorca.com\/wp-content\/uploads\/2023\/04\/BAD7832C-7609-4B0A-9532-5F89265B4AEE-450x450.jpg 450w, http:\/\/ssreyescmenorca.com\/wp-content\/uploads\/2023\/04\/BAD7832C-7609-4B0A-9532-5F89265B4AEE-600x600.jpg 600w, http:\/\/ssreyescmenorca.com\/wp-content\/uploads\/2023\/04\/BAD7832C-7609-4B0A-9532-5F89265B4AEE-100x100.jpg 100w, http:\/\/ssreyescmenorca.com\/wp-content\/uploads\/2023\/04\/BAD7832C-7609-4B0A-9532-5F89265B4AEE.jpg 1440w\" sizes=\"auto, (max-width: 1024px) 100vw, 1024px\" \/><\/figure>\n\n\n\n<figure class=\"wp-block-image size-large\"><img loading=\"lazy\" decoding=\"async\" width=\"1024\" height=\"1024\" data-id=\"1448\" src=\"http:\/\/ssreyescmenorca.com\/wp-content\/uploads\/2023\/04\/40BE7C55-E5E7-4BEB-A0E9-57B5AD6D16D2-1024x1024.jpg\" alt=\"\" class=\"wp-image-1448\" srcset=\"http:\/\/ssreyescmenorca.com\/wp-content\/uploads\/2023\/04\/40BE7C55-E5E7-4BEB-A0E9-57B5AD6D16D2-1024x1024.jpg 1024w, http:\/\/ssreyescmenorca.com\/wp-content\/uploads\/2023\/04\/40BE7C55-E5E7-4BEB-A0E9-57B5AD6D16D2-300x300.jpg 300w, http:\/\/ssreyescmenorca.com\/wp-content\/uploads\/2023\/04\/40BE7C55-E5E7-4BEB-A0E9-57B5AD6D16D2-150x150.jpg 150w, http:\/\/ssreyescmenorca.com\/wp-content\/uploads\/2023\/04\/40BE7C55-E5E7-4BEB-A0E9-57B5AD6D16D2-768x768.jpg 768w, http:\/\/ssreyescmenorca.com\/wp-content\/uploads\/2023\/04\/40BE7C55-E5E7-4BEB-A0E9-57B5AD6D16D2-450x450.jpg 450w, http:\/\/ssreyescmenorca.com\/wp-content\/uploads\/2023\/04\/40BE7C55-E5E7-4BEB-A0E9-57B5AD6D16D2-600x600.jpg 600w, http:\/\/ssreyescmenorca.com\/wp-content\/uploads\/2023\/04\/40BE7C55-E5E7-4BEB-A0E9-57B5AD6D16D2-100x100.jpg 100w, http:\/\/ssreyescmenorca.com\/wp-content\/uploads\/2023\/04\/40BE7C55-E5E7-4BEB-A0E9-57B5AD6D16D2.jpg 1440w\" sizes=\"auto, (max-width: 1024px) 100vw, 1024px\" \/><\/figure>\n\n\n\n<figure class=\"wp-block-image size-large\"><img loading=\"lazy\" decoding=\"async\" width=\"1024\" height=\"1024\" data-id=\"1447\" src=\"http:\/\/ssreyescmenorca.com\/wp-content\/uploads\/2023\/04\/FE040A21-B685-42C5-AC60-5BB6A4FFBA91-1024x1024.jpg\" alt=\"\" class=\"wp-image-1447\" srcset=\"http:\/\/ssreyescmenorca.com\/wp-content\/uploads\/2023\/04\/FE040A21-B685-42C5-AC60-5BB6A4FFBA91-1024x1024.jpg 1024w, http:\/\/ssreyescmenorca.com\/wp-content\/uploads\/2023\/04\/FE040A21-B685-42C5-AC60-5BB6A4FFBA91-300x300.jpg 300w, http:\/\/ssreyescmenorca.com\/wp-content\/uploads\/2023\/04\/FE040A21-B685-42C5-AC60-5BB6A4FFBA91-150x150.jpg 150w, http:\/\/ssreyescmenorca.com\/wp-content\/uploads\/2023\/04\/FE040A21-B685-42C5-AC60-5BB6A4FFBA91-768x768.jpg 768w, http:\/\/ssreyescmenorca.com\/wp-content\/uploads\/2023\/04\/FE040A21-B685-42C5-AC60-5BB6A4FFBA91-450x450.jpg 450w, http:\/\/ssreyescmenorca.com\/wp-content\/uploads\/2023\/04\/FE040A21-B685-42C5-AC60-5BB6A4FFBA91-600x600.jpg 600w, http:\/\/ssreyescmenorca.com\/wp-content\/uploads\/2023\/04\/FE040A21-B685-42C5-AC60-5BB6A4FFBA91-100x100.jpg 100w, http:\/\/ssreyescmenorca.com\/wp-content\/uploads\/2023\/04\/FE040A21-B685-42C5-AC60-5BB6A4FFBA91.jpg 1440w\" sizes=\"auto, (max-width: 1024px) 100vw, 1024px\" \/><\/figure>\n\n\n\n<figure class=\"wp-block-image size-large\"><img loading=\"lazy\" decoding=\"async\" width=\"768\" height=\"1024\" data-id=\"1449\" src=\"http:\/\/ssreyescmenorca.com\/wp-content\/uploads\/2023\/04\/cc3a6ca3-b9a8-4a39-92ad-7aea47d2b715-768x1024.jpg\" alt=\"\" class=\"wp-image-1449\" srcset=\"http:\/\/ssreyescmenorca.com\/wp-content\/uploads\/2023\/04\/cc3a6ca3-b9a8-4a39-92ad-7aea47d2b715-768x1024.jpg 768w, http:\/\/ssreyescmenorca.com\/wp-content\/uploads\/2023\/04\/cc3a6ca3-b9a8-4a39-92ad-7aea47d2b715-225x300.jpg 225w, http:\/\/ssreyescmenorca.com\/wp-content\/uploads\/2023\/04\/cc3a6ca3-b9a8-4a39-92ad-7aea47d2b715-1152x1536.jpg 1152w, http:\/\/ssreyescmenorca.com\/wp-content\/uploads\/2023\/04\/cc3a6ca3-b9a8-4a39-92ad-7aea47d2b715-600x800.jpg 600w, http:\/\/ssreyescmenorca.com\/wp-content\/uploads\/2023\/04\/cc3a6ca3-b9a8-4a39-92ad-7aea47d2b715.jpg 1368w\" sizes=\"auto, (max-width: 768px) 100vw, 768px\" \/><\/figure>\n<\/figure>\n\n\n\n<p><\/p>\n","protected":false},"excerpt":{"rendered":"<p>22.04.2023.&nbsp;Jornada de Menores 28. Colmenar Viejo. En la ma\u00f1ana del S\u00e1bado 22 de abril tuvo lugar la Jornada de Menores en Colmenar Viejo.&nbsp;Los atletas sub 12&nbsp;&nbsp;de primer a\u00f1o participaron en el 60m y los chicos en el 60m y longitud. &nbsp; En primer lugar correr\u00edan las chicas en la prueba de 60ml y se consiguieron&hellip; <a class=\"more-link\" href=\"http:\/\/ssreyescmenorca.com\/?p=1435\">Seguir leyendo <span class=\"screen-reader-text\">Jornada de Menores 28, Jornada de Obstaculos Vic\u00e1lvaro y Reunui\u00f3n FAM Legan\u00e9s primavera I Y II.\u00a0<\/span><\/a><\/p>\n","protected":false},"author":2,"featured_media":1438,"comment_status":"open","ping_status":"open","sticky":false,"template":"","format":"standard","meta":{"footnotes":""},"categories":[3],"tags":[],"class_list":["post-1435","post","type-post","status-publish","format-standard","has-post-thumbnail","hentry","category-noticias","entry"],"_links":{"self":[{"href":"http:\/\/ssreyescmenorca.com\/index.php?rest_route=\/wp\/v2\/posts\/1435","targetHints":{"allow":["GET"]}}],"collection":[{"href":"http:\/\/ssreyescmenorca.com\/index.php?rest_route=\/wp\/v2\/posts"}],"about":[{"href":"http:\/\/ssreyescmenorca.com\/index.php?rest_route=\/wp\/v2\/types\/post"}],"author":[{"embeddable":true,"href":"http:\/\/ssreyescmenorca.com\/index.php?rest_route=\/wp\/v2\/users\/2"}],"replies":[{"embeddable":true,"href":"http:\/\/ssreyescmenorca.com\/index.php?rest_route=%2Fwp%2Fv2%2Fcomments&post=1435"}],"version-history":[{"count":1,"href":"http:\/\/ssreyescmenorca.com\/index.php?rest_route=\/wp\/v2\/posts\/1435\/revisions"}],"predecessor-version":[{"id":1450,"href":"http:\/\/ssreyescmenorca.com\/index.php?rest_route=\/wp\/v2\/posts\/1435\/revisions\/1450"}],"wp:featuredmedia":[{"embeddable":true,"href":"http:\/\/ssreyescmenorca.com\/index.php?rest_route=\/wp\/v2\/media\/1438"}],"wp:attachment":[{"href":"http:\/\/ssreyescmenorca.com\/index.php?rest_route=%2Fwp%2Fv2%2Fmedia&parent=1435"}],"wp:term":[{"taxonomy":"category","embeddable":true,"href":"http:\/\/ssreyescmenorca.com\/index.php?rest_route=%2Fwp%2Fv2%2Fcategories&post=1435"},{"taxonomy":"post_tag","embeddable":true,"href":"http:\/\/ssreyescmenorca.com\/index.php?rest_route=%2Fwp%2Fv2%2Ftags&post=1435"}],"curies":[{"name":"wp","href":"https:\/\/api.w.org\/{rel}","templated":true}]}}