{"id":1431,"date":"2023-04-19T19:11:34","date_gmt":"2023-04-19T19:11:34","guid":{"rendered":"http:\/\/ssreyescmenorca.com\/?p=1431"},"modified":"2023-04-19T19:11:35","modified_gmt":"2023-04-19T19:11:35","slug":"carrera-contra-el-cancer-y-10k-zaragoza","status":"publish","type":"post","link":"http:\/\/ssreyescmenorca.com\/?p=1431","title":{"rendered":"Carrera contra el C\u00e1ncer y 10K Zaragoza"},"content":{"rendered":"\n<p>Este pasado domingo 16 de abril volvi\u00f3 al Paseo de la Castellana, la d\u00e9cima edici\u00f3n de la <strong>Carrera contra el C\u00e1ncer<\/strong> con dos tradicionales circuitos: 4 y 10 kilom\u00e9tros. En la distancia m\u00e1s corta <strong>Marcos O\u00f1ate<\/strong> cerr\u00f3 el podio en un tiempo de <strong>14:46 <\/strong>mientras que en los <strong>10K Javier Mart\u00edn<\/strong> fue subcampe\u00f3n absoluto con una marca de <strong>31:24.<\/strong><\/p>\n\n\n<div class=\"wp-block-image\">\n<figure class=\"aligncenter size-full is-resized\"><img loading=\"lazy\" decoding=\"async\" src=\"http:\/\/ssreyescmenorca.com\/wp-content\/uploads\/2023\/04\/javi.png\" alt=\"\" class=\"wp-image-1433\" width=\"419\" height=\"398\" srcset=\"http:\/\/ssreyescmenorca.com\/wp-content\/uploads\/2023\/04\/javi.png 387w, http:\/\/ssreyescmenorca.com\/wp-content\/uploads\/2023\/04\/javi-300x285.png 300w\" sizes=\"auto, (max-width: 419px) 100vw, 419px\" \/><\/figure>\n<\/div>\n\n\n<p>En el <strong>10K Marathon de Zaragoza \u2013 Caixabank <\/strong>se celebr\u00f3 (a la par que la Marat\u00f3n) una prueba nos ofreci\u00f3 atletismo de altos vuelos,&nbsp;con un gran nivel. <strong>Alberto Landa <\/strong>cruz\u00f3 el arco de meta en <strong>34 minutos y 58 segundos <\/strong>por delante de <strong>Alejandra S\u00e1nchez Massa (36:55) <\/strong>y <strong>David Renieblas<\/strong>.<\/p>\n\n\n\n<p><\/p>\n","protected":false},"excerpt":{"rendered":"<p>Este pasado domingo 16 de abril volvi\u00f3 al Paseo de la Castellana, la d\u00e9cima edici\u00f3n de la Carrera contra el C\u00e1ncer con dos tradicionales circuitos: 4 y 10 kilom\u00e9tros. En la distancia m\u00e1s corta Marcos O\u00f1ate cerr\u00f3 el podio en un tiempo de 14:46 mientras que en los 10K Javier Mart\u00edn fue subcampe\u00f3n absoluto con&hellip; <a class=\"more-link\" href=\"http:\/\/ssreyescmenorca.com\/?p=1431\">Seguir leyendo <span class=\"screen-reader-text\">Carrera contra el C\u00e1ncer y 10K Zaragoza<\/span><\/a><\/p>\n","protected":false},"author":3,"featured_media":1432,"comment_status":"open","ping_status":"open","sticky":false,"template":"","format":"standard","meta":{"footnotes":""},"categories":[3],"tags":[],"class_list":["post-1431","post","type-post","status-publish","format-standard","has-post-thumbnail","hentry","category-noticias","entry"],"_links":{"self":[{"href":"http:\/\/ssreyescmenorca.com\/index.php?rest_route=\/wp\/v2\/posts\/1431","targetHints":{"allow":["GET"]}}],"collection":[{"href":"http:\/\/ssreyescmenorca.com\/index.php?rest_route=\/wp\/v2\/posts"}],"about":[{"href":"http:\/\/ssreyescmenorca.com\/index.php?rest_route=\/wp\/v2\/types\/post"}],"author":[{"embeddable":true,"href":"http:\/\/ssreyescmenorca.com\/index.php?rest_route=\/wp\/v2\/users\/3"}],"replies":[{"embeddable":true,"href":"http:\/\/ssreyescmenorca.com\/index.php?rest_route=%2Fwp%2Fv2%2Fcomments&post=1431"}],"version-history":[{"count":1,"href":"http:\/\/ssreyescmenorca.com\/index.php?rest_route=\/wp\/v2\/posts\/1431\/revisions"}],"predecessor-version":[{"id":1434,"href":"http:\/\/ssreyescmenorca.com\/index.php?rest_route=\/wp\/v2\/posts\/1431\/revisions\/1434"}],"wp:featuredmedia":[{"embeddable":true,"href":"http:\/\/ssreyescmenorca.com\/index.php?rest_route=\/wp\/v2\/media\/1432"}],"wp:attachment":[{"href":"http:\/\/ssreyescmenorca.com\/index.php?rest_route=%2Fwp%2Fv2%2Fmedia&parent=1431"}],"wp:term":[{"taxonomy":"category","embeddable":true,"href":"http:\/\/ssreyescmenorca.com\/index.php?rest_route=%2Fwp%2Fv2%2Fcategories&post=1431"},{"taxonomy":"post_tag","embeddable":true,"href":"http:\/\/ssreyescmenorca.com\/index.php?rest_route=%2Fwp%2Fv2%2Ftags&post=1431"}],"curies":[{"name":"wp","href":"https:\/\/api.w.org\/{rel}","templated":true}]}}