{"id":1419,"date":"2023-04-17T19:22:04","date_gmt":"2023-04-17T19:22:04","guid":{"rendered":"http:\/\/ssreyescmenorca.com\/?p=1419"},"modified":"2023-04-17T19:22:05","modified_gmt":"2023-04-17T19:22:05","slug":"jornada-de-menores-25-jornada-de-menores-27-y-carrera-por-el-parkinson","status":"publish","type":"post","link":"http:\/\/ssreyescmenorca.com\/?p=1419","title":{"rendered":"Jornada de Menores 25, Jornada de Menores 27 Y Carrera por el Parkinson."},"content":{"rendered":"\n<p><strong>15.04.2023<\/strong><strong>.&nbsp;<\/strong><strong>Jornada de Menores 25. Tres Cantos.<\/strong><strong><\/strong><\/p>\n\n\n\n<p><strong>Sub16<\/strong><\/p>\n\n\n\n<p>La primera en competir en el&nbsp;<strong>300ml<\/strong>, fue&nbsp;<strong>Angela<\/strong>, que consigui\u00f3 parar el crono en&nbsp;<strong>46.34<\/strong>. tras Angela, era el turno de&nbsp;<strong>Adriana, Alba y Aitana<\/strong>, que corr\u00edan las tres juntas en la misma serie e hicieron una carrera incre\u00edble parando el crono en&nbsp;<strong>46.26, 47.09 y 50.06<\/strong>&nbsp;respectivamente. Despu\u00e9s fue el turno de&nbsp;<strong>Elsa, Cristina y Carmen<\/strong>, que al igual que sus compa\u00f1eras, corrieron las tres juntas en la misma serie haciendo una marca de&nbsp;<strong>50.05, 50.83 y 51.92<\/strong>&nbsp;respectivamente. En la siguiente serie corr\u00edan&nbsp;<strong>Laura, Marta y Mara<\/strong>. Laura quedo la primera de las tres con un tiempo de&nbsp;<strong>49.33<\/strong>, tras ella fue Marta, que hizo exactamente el mismo tiempo que su hermana,&nbsp;<strong>51.92<\/strong>&nbsp;y por \u00faltimo fue Mara que acabo el 300 con una marca de&nbsp;<strong>53.37<\/strong>. La \u00faltima de las chicas, fue&nbsp;<strong>Naiala,<\/strong>&nbsp;que a pesar de correr sin ninguna de sus compa\u00f1eras hizo una muy buena carrera, parando el crono en&nbsp;<strong>44.86<\/strong>.<\/p>\n\n\n\n<p>Tras las chicas, fue el turno de los chicos en el 300ml. Los primeros en correr fueron&nbsp;<strong>Ignacio y Jorge<\/strong>, que hicieron una carrera muy bonita con la remontada de Jorge. Ignacio hizo un tiempo de&nbsp;<strong>40.96<\/strong>&nbsp;y Jorge par\u00f3 el crono en&nbsp;<strong>42.64<\/strong>. Tras ellos fue el turno de&nbsp;<strong>Oliver y de Rub\u00e9n<\/strong>. Ambos se picaron entre si lo que llevo a que hiciesen una muy buena marca los dos. Oliver baj\u00f3 de la barrera de los 40 segundos, parando el crono en&nbsp;<strong>39.97<\/strong>&nbsp;y Rub\u00e9n se qued\u00f3 a las puertas de bajar de los 40 segundos, haciendo una marca de&nbsp;<strong>40.49<\/strong>.<\/p>\n\n\n\n<p>En general fue una jornada muy interesante de cara al campeonato de Madrid de relevos.\u00a0<\/p>\n\n\n\n<figure class=\"wp-block-gallery has-nested-images columns-default is-cropped wp-block-gallery-1 is-layout-flex wp-block-gallery-is-layout-flex\">\n<figure class=\"wp-block-image size-large\"><img loading=\"lazy\" decoding=\"async\" width=\"1023\" height=\"1022\" data-id=\"1426\" src=\"http:\/\/ssreyescmenorca.com\/wp-content\/uploads\/2023\/04\/644383a7-7ab4-4e96-9faa-bfc839cdfa7b.jpg\" alt=\"\" class=\"wp-image-1426\" srcset=\"http:\/\/ssreyescmenorca.com\/wp-content\/uploads\/2023\/04\/644383a7-7ab4-4e96-9faa-bfc839cdfa7b.jpg 1023w, http:\/\/ssreyescmenorca.com\/wp-content\/uploads\/2023\/04\/644383a7-7ab4-4e96-9faa-bfc839cdfa7b-300x300.jpg 300w, http:\/\/ssreyescmenorca.com\/wp-content\/uploads\/2023\/04\/644383a7-7ab4-4e96-9faa-bfc839cdfa7b-150x150.jpg 150w, http:\/\/ssreyescmenorca.com\/wp-content\/uploads\/2023\/04\/644383a7-7ab4-4e96-9faa-bfc839cdfa7b-768x767.jpg 768w, http:\/\/ssreyescmenorca.com\/wp-content\/uploads\/2023\/04\/644383a7-7ab4-4e96-9faa-bfc839cdfa7b-450x450.jpg 450w, http:\/\/ssreyescmenorca.com\/wp-content\/uploads\/2023\/04\/644383a7-7ab4-4e96-9faa-bfc839cdfa7b-600x599.jpg 600w, http:\/\/ssreyescmenorca.com\/wp-content\/uploads\/2023\/04\/644383a7-7ab4-4e96-9faa-bfc839cdfa7b-100x100.jpg 100w\" sizes=\"auto, (max-width: 1023px) 100vw, 1023px\" \/><\/figure>\n\n\n\n<figure class=\"wp-block-image size-large\"><img loading=\"lazy\" decoding=\"async\" width=\"1024\" height=\"1024\" data-id=\"1427\" src=\"http:\/\/ssreyescmenorca.com\/wp-content\/uploads\/2023\/04\/7bfef606-9573-4985-920a-cb2f9e683dd1.jpg\" alt=\"\" class=\"wp-image-1427\" srcset=\"http:\/\/ssreyescmenorca.com\/wp-content\/uploads\/2023\/04\/7bfef606-9573-4985-920a-cb2f9e683dd1.jpg 1024w, http:\/\/ssreyescmenorca.com\/wp-content\/uploads\/2023\/04\/7bfef606-9573-4985-920a-cb2f9e683dd1-300x300.jpg 300w, http:\/\/ssreyescmenorca.com\/wp-content\/uploads\/2023\/04\/7bfef606-9573-4985-920a-cb2f9e683dd1-150x150.jpg 150w, http:\/\/ssreyescmenorca.com\/wp-content\/uploads\/2023\/04\/7bfef606-9573-4985-920a-cb2f9e683dd1-768x768.jpg 768w, http:\/\/ssreyescmenorca.com\/wp-content\/uploads\/2023\/04\/7bfef606-9573-4985-920a-cb2f9e683dd1-450x450.jpg 450w, http:\/\/ssreyescmenorca.com\/wp-content\/uploads\/2023\/04\/7bfef606-9573-4985-920a-cb2f9e683dd1-600x600.jpg 600w, http:\/\/ssreyescmenorca.com\/wp-content\/uploads\/2023\/04\/7bfef606-9573-4985-920a-cb2f9e683dd1-100x100.jpg 100w\" sizes=\"auto, (max-width: 1024px) 100vw, 1024px\" \/><\/figure>\n<\/figure>\n\n\n\n<p><strong>Sub14<\/strong><\/p>\n\n\n\n<p>Los atletas de la categor\u00eda Sub 14 han competido en la prueba de\u00a0\u00a0<strong>220mv\u00a0<\/strong>y\u00a0<strong>Longitud<\/strong>. La 1a prueba ha sido la Longitud (A) de los chicos con la participaci\u00f3n de\u00a0<strong>Oliver Pariente\u00a0<\/strong>que ha saltado\u00a0<strong>3.48<\/strong>, ha quedado en la posici\u00f3n\u00a0<strong>10.\u00a0<\/strong>La 2a prueba ha sido el 220mv de las chicas y la clasificaci\u00f3n ha sido:<strong>Roc\u00edo \u00c1lvarez\u00a0<\/strong>con un tiempo de\u00a0<strong>35.23<\/strong>, ha quedado en la posici\u00f3n\u00a0<strong>1 (serie 2) \u2013\u00a0MMP<\/strong>,\u00a0<strong>Claudia Guti\u00e9rrez\u00a0<\/strong>con un tiempo de\u00a0<strong>36.83<\/strong>, ha quedado en la posici\u00f3n\u00a0<strong>2 (serie 4) \u2013\u00a0MMP<\/strong>,\u00a0<strong>Carla Mart\u00edn\u00a0<\/strong>con un tiempo de\u00a0<strong>37.88<\/strong>, ha quedado en la posici\u00f3n\u00a0<strong>3 (serie 4) \u2013\u00a0MMP,Nerea Granizo\u00a0<\/strong>con un tiempo de\u00a0<strong>39.11<\/strong>, ha quedado en la posici\u00f3n\u00a0<strong>4 (serie 2) \u2013\u00a0MMP,\u00a0Elena S\u00e1nchez\u00a0<\/strong>con un tiempo de\u00a0<strong>40.57<\/strong>, ha quedado en la posici\u00f3n\u00a0<strong>5 (serie 2)\u00a0<\/strong>\u2013\u00a0<strong>MMP\u00a0y\u00a0Nerea Gonz\u00e1lez\u00a0<\/strong>con un tiempo de\u00a0<strong>41.55<\/strong>, ha quedado en la posici\u00f3n\u00a0<strong>3 (serie 7) \u2013\u00a0MMP<\/strong>). La 3a prueba ha sido la Longitud (E) de las chicas y la clasificaci\u00f3n ha sido:\u00a0<strong>Claudia Guti\u00e9rrez\u00a0<\/strong>que ha saltado\u00a0<strong>4.37<\/strong>, ha quedado en la posici\u00f3n\u00a0<strong>2, Carla Mart\u00edn\u00a0<\/strong>que ha saltado\u00a0<strong>4.09<\/strong>, ha quedado en la posici\u00f3n\u00a0<strong>4, Elena S\u00e1nchez\u00a0<\/strong>que ha saltado\u00a0<strong>4.00<\/strong>, ha quedado en la posici\u00f3n\u00a0<strong>5 &#8211;\u00a0MMP\u00a0<\/strong>,\u00a0<strong>Nerea Granizo\u00a0<\/strong>que ha saltado\u00a0<strong>3.99<\/strong>, ha quedado en la posici\u00f3n\u00a0<strong>6 \u2013\u00a0MMP,\u00a0Roc\u00edo \u00c1lvarez\u00a0<\/strong>que ha saltado\u00a0<strong>3.93<\/strong>, ha quedado en la posici\u00f3n\u00a0<strong>9 \u2013\u00a0MMP\u00a0<\/strong>y<strong>Nerea Gonz\u00e1lez\u00a0<\/strong>que ha saltado\u00a0<strong>3.66<\/strong>, ha quedado en la posici\u00f3n\u00a0<strong>10.\u00a0<\/strong><\/p>\n\n\n\n<figure class=\"wp-block-gallery has-nested-images columns-default is-cropped wp-block-gallery-2 is-layout-flex wp-block-gallery-is-layout-flex\">\n<figure class=\"wp-block-image size-large\"><img loading=\"lazy\" decoding=\"async\" width=\"768\" height=\"1024\" data-id=\"1425\" src=\"http:\/\/ssreyescmenorca.com\/wp-content\/uploads\/2023\/04\/bfe9dfda-3eea-4891-ae82-cfbf10998eab-768x1024.jpg\" alt=\"\" class=\"wp-image-1425\" srcset=\"http:\/\/ssreyescmenorca.com\/wp-content\/uploads\/2023\/04\/bfe9dfda-3eea-4891-ae82-cfbf10998eab-768x1024.jpg 768w, http:\/\/ssreyescmenorca.com\/wp-content\/uploads\/2023\/04\/bfe9dfda-3eea-4891-ae82-cfbf10998eab-225x300.jpg 225w, http:\/\/ssreyescmenorca.com\/wp-content\/uploads\/2023\/04\/bfe9dfda-3eea-4891-ae82-cfbf10998eab-1152x1536.jpg 1152w, http:\/\/ssreyescmenorca.com\/wp-content\/uploads\/2023\/04\/bfe9dfda-3eea-4891-ae82-cfbf10998eab-600x800.jpg 600w, http:\/\/ssreyescmenorca.com\/wp-content\/uploads\/2023\/04\/bfe9dfda-3eea-4891-ae82-cfbf10998eab.jpg 1536w\" sizes=\"auto, (max-width: 768px) 100vw, 768px\" \/><\/figure>\n\n\n\n<figure class=\"wp-block-image size-large\"><img loading=\"lazy\" decoding=\"async\" width=\"1024\" height=\"683\" data-id=\"1422\" src=\"http:\/\/ssreyescmenorca.com\/wp-content\/uploads\/2023\/04\/45208842-9258-4ebe-94a2-707e0ce6d37b-1024x683.jpg\" alt=\"\" class=\"wp-image-1422\" srcset=\"http:\/\/ssreyescmenorca.com\/wp-content\/uploads\/2023\/04\/45208842-9258-4ebe-94a2-707e0ce6d37b-1024x683.jpg 1024w, http:\/\/ssreyescmenorca.com\/wp-content\/uploads\/2023\/04\/45208842-9258-4ebe-94a2-707e0ce6d37b-300x200.jpg 300w, http:\/\/ssreyescmenorca.com\/wp-content\/uploads\/2023\/04\/45208842-9258-4ebe-94a2-707e0ce6d37b-768x512.jpg 768w, http:\/\/ssreyescmenorca.com\/wp-content\/uploads\/2023\/04\/45208842-9258-4ebe-94a2-707e0ce6d37b-1536x1024.jpg 1536w, http:\/\/ssreyescmenorca.com\/wp-content\/uploads\/2023\/04\/45208842-9258-4ebe-94a2-707e0ce6d37b-1568x1045.jpg 1568w, http:\/\/ssreyescmenorca.com\/wp-content\/uploads\/2023\/04\/45208842-9258-4ebe-94a2-707e0ce6d37b-600x400.jpg 600w, http:\/\/ssreyescmenorca.com\/wp-content\/uploads\/2023\/04\/45208842-9258-4ebe-94a2-707e0ce6d37b.jpg 2048w\" sizes=\"auto, (max-width: 1024px) 100vw, 1024px\" \/><\/figure>\n\n\n\n<figure class=\"wp-block-image size-large\"><img loading=\"lazy\" decoding=\"async\" width=\"1024\" height=\"683\" data-id=\"1424\" src=\"http:\/\/ssreyescmenorca.com\/wp-content\/uploads\/2023\/04\/47b6ea93-e033-43f1-9b70-83b4b5d174a5-1024x683.jpg\" alt=\"\" class=\"wp-image-1424\" srcset=\"http:\/\/ssreyescmenorca.com\/wp-content\/uploads\/2023\/04\/47b6ea93-e033-43f1-9b70-83b4b5d174a5-1024x683.jpg 1024w, http:\/\/ssreyescmenorca.com\/wp-content\/uploads\/2023\/04\/47b6ea93-e033-43f1-9b70-83b4b5d174a5-300x200.jpg 300w, http:\/\/ssreyescmenorca.com\/wp-content\/uploads\/2023\/04\/47b6ea93-e033-43f1-9b70-83b4b5d174a5-768x512.jpg 768w, http:\/\/ssreyescmenorca.com\/wp-content\/uploads\/2023\/04\/47b6ea93-e033-43f1-9b70-83b4b5d174a5-1536x1024.jpg 1536w, http:\/\/ssreyescmenorca.com\/wp-content\/uploads\/2023\/04\/47b6ea93-e033-43f1-9b70-83b4b5d174a5-1568x1045.jpg 1568w, http:\/\/ssreyescmenorca.com\/wp-content\/uploads\/2023\/04\/47b6ea93-e033-43f1-9b70-83b4b5d174a5-600x400.jpg 600w, http:\/\/ssreyescmenorca.com\/wp-content\/uploads\/2023\/04\/47b6ea93-e033-43f1-9b70-83b4b5d174a5.jpg 2048w\" sizes=\"auto, (max-width: 1024px) 100vw, 1024px\" \/><\/figure>\n<\/figure>\n\n\n\n<p><strong>Sub 12<\/strong><\/p>\n\n\n\n<p>Los atletas de la categor\u00eda sub 10 compitieron en la prueba de 600 ml.\u00a0Primero correr\u00edan las chicas. En la segunda serie\u00a0<strong>Laura Mart\u00ednez<\/strong>\u00a0y\u00a0<strong>Martina Barroso<\/strong>\u00a0consiguieron 2\u00b403&#8243; y 2.06&#8243; respectivamente consiguiendo las dos mejoras sus marcas.\u00a0<strong>Naia Montero<\/strong>,\u00a0<strong>Alice de Felipe<\/strong>\u00a0y\u00a0<strong>Elena Tirado<\/strong>\u00a0correr\u00edan en la siguiente serie logrando para el crono en 2 \u030107&#8243; , 2 \u030110&#8243; y 2 \u030111 \u0308mejorando\u00a0las tres su anterior marca. En la siguiente serie correr\u00edan\u00a0<strong>Emma Pintor<\/strong>\u00a0y\u00a0<strong>Ariadna Rodr\u00edguez<\/strong>\u00a0con un tiempo de 2.23&#8243; y 2.24&#8243; mejorando\u00a0sus anteriores marcas. En la siguiente\u00a0serie correr\u00eda\u00a0<strong>Sara Pintor<\/strong>\u00a0parando el crono en 2 \u030130&#8243; mejorando su anterior\u00a0tiempo.<\/p>\n\n\n\n<p>Por otro lado los chicos corren\u00a0en la tercera y cuarta serie. En la tercera serie correr\u00edan\u00a0<strong>Mario Agudo<\/strong>\u00a0y\u00a0<strong>Mario Plaza<\/strong>\u00a0logrando parar el crono los dos en 2 \u0301 07 mejorando su\u00a0anterior tiempo. Despu\u00e9s\u00a0correr\u00eda\u00a0<strong>Eric Guti\u00e9rrez<\/strong>\u00a0esforz\u00e1ndose\u00a0hasta el final par\u00f3 el crono en 2 \u030136&#8243;.\u00a0<\/p>\n\n\n\n<figure class=\"wp-block-image size-large\"><img loading=\"lazy\" decoding=\"async\" width=\"944\" height=\"1024\" src=\"http:\/\/ssreyescmenorca.com\/wp-content\/uploads\/2023\/04\/1a208af7-370c-446d-b06e-6fb9d973cf67-944x1024.jpg\" alt=\"\" class=\"wp-image-1421\" srcset=\"http:\/\/ssreyescmenorca.com\/wp-content\/uploads\/2023\/04\/1a208af7-370c-446d-b06e-6fb9d973cf67-944x1024.jpg 944w, http:\/\/ssreyescmenorca.com\/wp-content\/uploads\/2023\/04\/1a208af7-370c-446d-b06e-6fb9d973cf67-277x300.jpg 277w, http:\/\/ssreyescmenorca.com\/wp-content\/uploads\/2023\/04\/1a208af7-370c-446d-b06e-6fb9d973cf67-768x833.jpg 768w, http:\/\/ssreyescmenorca.com\/wp-content\/uploads\/2023\/04\/1a208af7-370c-446d-b06e-6fb9d973cf67-600x651.jpg 600w, http:\/\/ssreyescmenorca.com\/wp-content\/uploads\/2023\/04\/1a208af7-370c-446d-b06e-6fb9d973cf67.jpg 1416w\" sizes=\"auto, (max-width: 944px) 100vw, 944px\" \/><\/figure>\n\n\n\n<p><strong>16.04.2023<\/strong><strong>.&nbsp;<\/strong><strong>Jornada de Menores 27. Aluche<\/strong><\/p>\n\n\n\n<p><strong>Sub14<\/strong><strong><\/strong><\/p>\n\n\n\n<p>Los atletas de la categor\u00eda Sub 14 han competido en pista, recorriendo una distancia de&nbsp;<strong>80ml<\/strong>,&nbsp;<strong>80mv&nbsp;<\/strong>y participando en los concursos de&nbsp;<strong>Disco&nbsp;<\/strong>y&nbsp;<strong>Peso<\/strong>. La 1a prueba ha sido el Disco de las chicas y la clasificaci\u00f3n ha sido:&nbsp;<strong>Roc\u00edo \u00c1lvarez&nbsp;<\/strong>que ha lanzado&nbsp;<strong>16.50<\/strong>, ha quedado en la posici\u00f3n&nbsp;<strong>3 \u2013&nbsp;MMP&nbsp;<\/strong>y&nbsp;<strong>Claudia Guti\u00e9rrez&nbsp;<\/strong>que ha lanzado&nbsp;<strong>13.42<\/strong>, ha quedado en la posici\u00f3n&nbsp;<strong>6 \u2013&nbsp;MMP.<\/strong><\/p>\n\n\n\n<p>La 2a prueba ha sido el 80mv de las chicas y la clasificaci\u00f3n ha sido:&nbsp;<strong>Claudia Guti\u00e9rrez&nbsp;<\/strong>con un tiempo de&nbsp;<strong>15.09<\/strong>, ha quedado en la posici\u00f3n&nbsp;<strong>6 (serie 1) \u2013&nbsp;MMP<\/strong>,<strong>&nbsp;<\/strong><strong>Carla Mart\u00edn&nbsp;<\/strong>con un tiempo de&nbsp;<strong>15.76<\/strong>, ha quedado en la posici\u00f3n&nbsp;<strong>4 (serie 2)&nbsp;<\/strong>\u2013&nbsp;<strong>MMP<\/strong>,&nbsp;<strong>Roc\u00edo \u00c1lvarez&nbsp;<\/strong>con un tiempo de&nbsp;<strong>16.19<\/strong>, ha quedado en la posici\u00f3n&nbsp;<strong>8 (serie 1)<\/strong>,&nbsp;<strong>Nerea Granizo&nbsp;<\/strong>con un tiempo de&nbsp;<strong>16.22<\/strong>, ha quedado en la posici\u00f3n&nbsp;<strong>5 (serie 2)<\/strong>,<strong>&nbsp;Nerea Gonz\u00e1lez&nbsp;<\/strong>con un tiempo de&nbsp;<strong>16.27<\/strong>, ha quedado en la posici\u00f3n&nbsp;<strong>5 (serie 3) \u2013&nbsp;MMP<\/strong>&nbsp;y&nbsp;<strong>Celia L\u00f3pez&nbsp;<\/strong>con un tiempo de&nbsp;<strong>18.17<\/strong>, ha quedado en la posici\u00f3n&nbsp;<strong>5 (serie 6) \u2013&nbsp;MMP.<\/strong><\/p>\n\n\n\n<p>La 3a prueba ha sido el Peso (C) de las chicas y la clasificaci\u00f3n ha sido:&nbsp;<strong>Carla Mart\u00edn&nbsp;<\/strong>que ha lanzado&nbsp;<strong>6.35&nbsp;<\/strong>ha quedado en la posici\u00f3n&nbsp;<strong>2 \u2013&nbsp;MMP<\/strong>,<strong>&nbsp;<\/strong><strong>Celia L\u00f3pez&nbsp;<\/strong>que ha lanzado&nbsp;<strong>5.28<\/strong>, ha quedado en la posici\u00f3n&nbsp;<strong>5 \u2013&nbsp;MMP<\/strong>,<strong>&nbsp;<\/strong><strong>Nerea Granizo&nbsp;<\/strong>que ha lanzado&nbsp;<strong>4.10<\/strong>, ha quedado en la posici\u00f3n&nbsp;<strong>8<\/strong>,<strong>&nbsp;Nerea Garc\u00eda&nbsp;<\/strong>que ha lanzado&nbsp;<strong>3.95<\/strong>, ha quedado en la posici\u00f3n&nbsp;<strong>9 \u2013&nbsp;MMP&nbsp;<\/strong>&nbsp;e&nbsp;<strong>Itziar Alc\u00f3nez&nbsp;<\/strong>que ha lanzado&nbsp;<strong>3.50<\/strong>, ha quedado en la posici\u00f3n&nbsp;<strong>13 \u2013&nbsp;MMP.&nbsp;<\/strong><\/p>\n\n\n\n<p>La 4a prueba ha sido el 80ml de las chicas y la clasificaci\u00f3n ha sido:&nbsp;<strong>Nerea Gonz\u00e1lez&nbsp;<\/strong>con un tiempo de&nbsp;<strong>12.14<\/strong>, ha quedado en la posici\u00f3n&nbsp;<strong>4 (serie 3)<\/strong>,<strong>&nbsp;Nerea Garc\u00eda&nbsp;<\/strong>con un tiempo de&nbsp;<strong>12.25<\/strong>, ha quedado en la posici\u00f3n&nbsp;<strong>5 (serie 3)&nbsp;<\/strong>e<strong>Itziar Alc\u00f3nez&nbsp;<\/strong>con un tiempo de&nbsp;<strong>12.73<\/strong>, ha quedado en la posici\u00f3n&nbsp;<strong>4 (serie 5)&nbsp;<\/strong>\u2013&nbsp;<strong>MMP.<\/strong><\/p>\n\n\n\n<p><strong>Sub 10<\/strong><\/p>\n\n\n\n<p>Los atletas de la categor\u00eda sub 10 (2014-2015) compet\u00edan en la prueba de&nbsp;<strong>50m<\/strong>&nbsp;y se estrenaban en la prueba de&nbsp;<strong>salto de altura<\/strong>.&nbsp;<\/p>\n\n\n\n<p><strong><u>50m Femenino:<\/u><\/strong><\/p>\n\n\n\n<p>En la final A compiti\u00f3&nbsp;<strong>Leyre Arguello,&nbsp;<\/strong>haciendo un tiempo de 8.79, quedando en tercera posici\u00f3n con una diferencia m\u00ednima entre el primer puesto.&nbsp;<\/p>\n\n\n\n<p>En la final B, compiti\u00f3&nbsp;<strong>Valeria Toledo<\/strong>, haciendo un tiempo de 9.05 y quedando en segunda posici\u00f3n.&nbsp;<\/p>\n\n\n\n<p>En la final F compiti\u00f3&nbsp;<strong>Chloe Chery<\/strong>, haciendo un tiempo de 9.63 y quedando en tercera posici\u00f3n.&nbsp;<\/p>\n\n\n\n<p><strong>50m Masculino<\/strong><\/p>\n\n\n\n<p>En final B compiti\u00f3&nbsp;<strong>Eric de las Heras<\/strong>, haciendo un tiempo de 8.75 y mejorando su tiempo de 8.79, quedando en segunda posici\u00f3n.&nbsp;<\/p>\n\n\n\n<p>En la final C compiti\u00f3&nbsp;<strong>Alejo Serrano<\/strong>, haciendo un tiempo de 9.11y quedando en segunda posici\u00f3n.&nbsp;<\/p>\n\n\n\n<p>En la final D compiti\u00f3&nbsp;<strong>Alejandro Cordero<\/strong>&nbsp;haciendo un tiempo de 9.68 e Ian Martinez haciendo un tiempo de 9.41 y quedando en primera posici\u00f3n.&nbsp;<\/p>\n\n\n\n<p>En la final E compiti\u00f3&nbsp;<strong>\u00c1lvaro Izquierdo<\/strong>, haciendo un tiempo de 11.03 y quedando en cuarta posici\u00f3n.&nbsp;<\/p>\n\n\n\n<p><strong><u>Salto de altura Femenino&nbsp;<\/u><\/strong><\/p>\n\n\n\n<ul class=\"wp-block-list\">\n<li><strong>Leyre Mart\u00ednez<\/strong>: obtuvo un salto de 0.84&nbsp;<\/li>\n\n\n\n<li><strong>Valeria Toledo<\/strong>: obtuvo un salto de 0.84<\/li>\n\n\n\n<li><strong>Chloe Chery<\/strong>: obtuvo un salto de 0.94<\/li>\n<\/ul>\n\n\n\n<p><strong><u>Salto de altura Masculino:&nbsp;<\/u><\/strong><\/p>\n\n\n\n<ul class=\"wp-block-list\">\n<li><strong>Alejo Serrano<\/strong>: realiz\u00f3 un salto de 0.89<\/li>\n\n\n\n<li><strong>Ian Mart\u00ednez<\/strong>: realiz\u00f3 un salto de 0.89<\/li>\n\n\n\n<li><strong>Eric de las Heras<\/strong>: realiz\u00f3 un salto de 1.02 (qued\u00f3 en segunda posici\u00f3n)&nbsp;<\/li>\n<\/ul>\n\n\n\n<figure class=\"wp-block-gallery has-nested-images columns-default is-cropped wp-block-gallery-3 is-layout-flex wp-block-gallery-is-layout-flex\">\n<figure class=\"wp-block-image size-large\"><img loading=\"lazy\" decoding=\"async\" width=\"1024\" height=\"768\" data-id=\"1420\" src=\"http:\/\/ssreyescmenorca.com\/wp-content\/uploads\/2023\/04\/b3a2e788-5f93-4baf-85c4-b03bedc8d465-1024x768.jpg\" alt=\"\" class=\"wp-image-1420\" srcset=\"http:\/\/ssreyescmenorca.com\/wp-content\/uploads\/2023\/04\/b3a2e788-5f93-4baf-85c4-b03bedc8d465-1024x768.jpg 1024w, http:\/\/ssreyescmenorca.com\/wp-content\/uploads\/2023\/04\/b3a2e788-5f93-4baf-85c4-b03bedc8d465-300x225.jpg 300w, http:\/\/ssreyescmenorca.com\/wp-content\/uploads\/2023\/04\/b3a2e788-5f93-4baf-85c4-b03bedc8d465-768x576.jpg 768w, http:\/\/ssreyescmenorca.com\/wp-content\/uploads\/2023\/04\/b3a2e788-5f93-4baf-85c4-b03bedc8d465-1536x1152.jpg 1536w, http:\/\/ssreyescmenorca.com\/wp-content\/uploads\/2023\/04\/b3a2e788-5f93-4baf-85c4-b03bedc8d465-1568x1176.jpg 1568w, http:\/\/ssreyescmenorca.com\/wp-content\/uploads\/2023\/04\/b3a2e788-5f93-4baf-85c4-b03bedc8d465-600x450.jpg 600w, http:\/\/ssreyescmenorca.com\/wp-content\/uploads\/2023\/04\/b3a2e788-5f93-4baf-85c4-b03bedc8d465.jpg 1824w\" sizes=\"auto, (max-width: 1024px) 100vw, 1024px\" \/><\/figure>\n<\/figure>\n\n\n\n<p><strong>16.04.2023. Carrera por el Parkinson. San Sebasti\u00e1n de los Reyes<\/strong><\/p>\n\n\n\n<p>Nuestro atleta\u00a0<strong>Oliver Pariente<\/strong>\u00a0el primero m\u00e1s joven en los 7km de la carrera por el Parkison celebrada el domingo por ma\u00f1ana en la Dehesa de Sanse.\u00a0<\/p>\n\n\n\n<figure class=\"wp-block-image size-large\"><img loading=\"lazy\" decoding=\"async\" width=\"768\" height=\"1024\" src=\"http:\/\/ssreyescmenorca.com\/wp-content\/uploads\/2023\/04\/1ffd6370-5a43-4de5-a6ad-da01f0e96bf6-768x1024.jpg\" alt=\"\" class=\"wp-image-1428\" srcset=\"http:\/\/ssreyescmenorca.com\/wp-content\/uploads\/2023\/04\/1ffd6370-5a43-4de5-a6ad-da01f0e96bf6-768x1024.jpg 768w, http:\/\/ssreyescmenorca.com\/wp-content\/uploads\/2023\/04\/1ffd6370-5a43-4de5-a6ad-da01f0e96bf6-225x300.jpg 225w, http:\/\/ssreyescmenorca.com\/wp-content\/uploads\/2023\/04\/1ffd6370-5a43-4de5-a6ad-da01f0e96bf6-1152x1536.jpg 1152w, http:\/\/ssreyescmenorca.com\/wp-content\/uploads\/2023\/04\/1ffd6370-5a43-4de5-a6ad-da01f0e96bf6-600x800.jpg 600w, http:\/\/ssreyescmenorca.com\/wp-content\/uploads\/2023\/04\/1ffd6370-5a43-4de5-a6ad-da01f0e96bf6.jpg 1530w\" sizes=\"auto, (max-width: 768px) 100vw, 768px\" \/><\/figure>\n","protected":false},"excerpt":{"rendered":"<p>15.04.2023.&nbsp;Jornada de Menores 25. Tres Cantos. Sub16 La primera en competir en el&nbsp;300ml, fue&nbsp;Angela, que consigui\u00f3 parar el crono en&nbsp;46.34. tras Angela, era el turno de&nbsp;Adriana, Alba y Aitana, que corr\u00edan las tres juntas en la misma serie e hicieron una carrera incre\u00edble parando el crono en&nbsp;46.26, 47.09 y 50.06&nbsp;respectivamente. Despu\u00e9s fue el turno de&nbsp;Elsa,&hellip; <a class=\"more-link\" href=\"http:\/\/ssreyescmenorca.com\/?p=1419\">Seguir leyendo <span class=\"screen-reader-text\">Jornada de Menores 25, Jornada de Menores 27 Y Carrera por el Parkinson.<\/span><\/a><\/p>\n","protected":false},"author":2,"featured_media":1428,"comment_status":"open","ping_status":"open","sticky":false,"template":"","format":"standard","meta":{"footnotes":""},"categories":[3],"tags":[],"class_list":["post-1419","post","type-post","status-publish","format-standard","has-post-thumbnail","hentry","category-noticias","entry"],"_links":{"self":[{"href":"http:\/\/ssreyescmenorca.com\/index.php?rest_route=\/wp\/v2\/posts\/1419","targetHints":{"allow":["GET"]}}],"collection":[{"href":"http:\/\/ssreyescmenorca.com\/index.php?rest_route=\/wp\/v2\/posts"}],"about":[{"href":"http:\/\/ssreyescmenorca.com\/index.php?rest_route=\/wp\/v2\/types\/post"}],"author":[{"embeddable":true,"href":"http:\/\/ssreyescmenorca.com\/index.php?rest_route=\/wp\/v2\/users\/2"}],"replies":[{"embeddable":true,"href":"http:\/\/ssreyescmenorca.com\/index.php?rest_route=%2Fwp%2Fv2%2Fcomments&post=1419"}],"version-history":[{"count":1,"href":"http:\/\/ssreyescmenorca.com\/index.php?rest_route=\/wp\/v2\/posts\/1419\/revisions"}],"predecessor-version":[{"id":1429,"href":"http:\/\/ssreyescmenorca.com\/index.php?rest_route=\/wp\/v2\/posts\/1419\/revisions\/1429"}],"wp:featuredmedia":[{"embeddable":true,"href":"http:\/\/ssreyescmenorca.com\/index.php?rest_route=\/wp\/v2\/media\/1428"}],"wp:attachment":[{"href":"http:\/\/ssreyescmenorca.com\/index.php?rest_route=%2Fwp%2Fv2%2Fmedia&parent=1419"}],"wp:term":[{"taxonomy":"category","embeddable":true,"href":"http:\/\/ssreyescmenorca.com\/index.php?rest_route=%2Fwp%2Fv2%2Fcategories&post=1419"},{"taxonomy":"post_tag","embeddable":true,"href":"http:\/\/ssreyescmenorca.com\/index.php?rest_route=%2Fwp%2Fv2%2Ftags&post=1419"}],"curies":[{"name":"wp","href":"https:\/\/api.w.org\/{rel}","templated":true}]}}